{"id":49569,"date":"2025-09-04T13:19:43","date_gmt":"2025-09-04T16:19:43","guid":{"rendered":"https:\/\/hablemosclarotdf.com.ar\/?p=49569"},"modified":"2025-09-04T13:19:43","modified_gmt":"2025-09-04T16:19:43","slug":"este-fin-de-semana-se-llevara-a-cabo-vidriera-de-artistas-en-el-museo-fueguino-de-arte","status":"publish","type":"post","link":"https:\/\/hablemosclarotdf.com.ar\/?p=49569","title":{"rendered":"ESTE FIN DE SEMANA SE LLEVAR\u00c1 A CABO \u2018VIDRIERA DE ARTISTAS\u2019 EN EL MUSEO FUEGUINO DE ARTE"},"content":{"rendered":"<p>En el marco del Mes de las Artes, el Museo Fueguino de Arte Nini Bernardello invita a la comunidad a \u2018Vidriera de Artistas\u2019, una feria para que creadores y artistas locales comercialicen sus obras, se den a conocer y establezcan una conexi\u00f3n directa con el p\u00fablico.<\/p>\n<p>La cita es el s\u00e1bado 6 de septiembre, de 15 a 19 h., en las instalaciones del museo ubicado en Avenida Belgrano 319 de R\u00edo Grande.<\/p>\n<p>La iniciativa tiene que ver con propiciar un espacio de intercambio cultural y creatividad en un ambiente relajado y ameno.<\/p>\n<p>Cabe resaltar que los asistentes no solo podr\u00e1n explorar y adquirir obras de arte, sino que tambi\u00e9n encontrar\u00e1n \u00e1reas especiales para compartir un mate, dibujar y pintar. Para crear la atm\u00f3sfera perfecta, el evento estar\u00e1 acompa\u00f1ado por una cuidada selecci\u00f3n de m\u00fasica en vinilo.<\/p>\n<p>\u2018Vidriera de Artistas\u2019 contar\u00e1 con la participaci\u00f3n de: Ana Podwiazny, Ammura rg, Manija Ilustra, Sophie Mann, Birrita (Luciana Ramos), Momo, Kev Mercao, Jorge Bernard, La chica del tarot y Manu Barr\u00eda.<\/p>\n<p>La entrada es libre y gratuita. Para m\u00e1s informaci\u00f3n seguir las redes de @conocimientotdf<\/p>\n<p><img loading=\"lazy\" decoding=\"async\" class=\"alignnone size-medium wp-image-49571\" src=\"https:\/\/hablemosclarotdf.com.ar\/wp-content\/uploads\/2025\/09\/photo_2025-09-04_13-18-35-300x200.jpg\" alt=\"\" width=\"300\" height=\"200\" srcset=\"https:\/\/hablemosclarotdf.com.ar\/wp-content\/uploads\/2025\/09\/photo_2025-09-04_13-18-35-300x200.jpg 300w, https:\/\/hablemosclarotdf.com.ar\/wp-content\/uploads\/2025\/09\/photo_2025-09-04_13-18-35-1024x682.jpg 1024w, https:\/\/hablemosclarotdf.com.ar\/wp-content\/uploads\/2025\/09\/photo_2025-09-04_13-18-35-768x512.jpg 768w, https:\/\/hablemosclarotdf.com.ar\/wp-content\/uploads\/2025\/09\/photo_2025-09-04_13-18-35.jpg 1280w\" sizes=\"auto, (max-width: 300px) 100vw, 300px\" \/><\/p>\n","protected":false},"excerpt":{"rendered":"<p>En el marco del Mes de las Artes, el Museo Fueguino de Arte Nini Bernardello&#8230;<\/p>\n","protected":false},"author":1,"featured_media":49570,"comment_status":"closed","ping_status":"closed","sticky":false,"template":"","format":"standard","meta":{"footnotes":""},"categories":[3],"tags":[],"class_list":["post-49569","post","type-post","status-publish","format-standard","has-post-thumbnail","hentry","category-noticias"],"jetpack_featured_media_url":"https:\/\/hablemosclarotdf.com.ar\/wp-content\/uploads\/2025\/09\/photo_2025-09-04_13-18-31.jpg","_links":{"self":[{"href":"https:\/\/hablemosclarotdf.com.ar\/index.php?rest_route=\/wp\/v2\/posts\/49569","targetHints":{"allow":["GET"]}}],"collection":[{"href":"https:\/\/hablemosclarotdf.com.ar\/index.php?rest_route=\/wp\/v2\/posts"}],"about":[{"href":"https:\/\/hablemosclarotdf.com.ar\/index.php?rest_route=\/wp\/v2\/types\/post"}],"author":[{"embeddable":true,"href":"https:\/\/hablemosclarotdf.com.ar\/index.php?rest_route=\/wp\/v2\/users\/1"}],"replies":[{"embeddable":true,"href":"https:\/\/hablemosclarotdf.com.ar\/index.php?rest_route=%2Fwp%2Fv2%2Fcomments&post=49569"}],"version-history":[{"count":1,"href":"https:\/\/hablemosclarotdf.com.ar\/index.php?rest_route=\/wp\/v2\/posts\/49569\/revisions"}],"predecessor-version":[{"id":49572,"href":"https:\/\/hablemosclarotdf.com.ar\/index.php?rest_route=\/wp\/v2\/posts\/49569\/revisions\/49572"}],"wp:featuredmedia":[{"embeddable":true,"href":"https:\/\/hablemosclarotdf.com.ar\/index.php?rest_route=\/wp\/v2\/media\/49570"}],"wp:attachment":[{"href":"https:\/\/hablemosclarotdf.com.ar\/index.php?rest_route=%2Fwp%2Fv2%2Fmedia&parent=49569"}],"wp:term":[{"taxonomy":"category","embeddable":true,"href":"https:\/\/hablemosclarotdf.com.ar\/index.php?rest_route=%2Fwp%2Fv2%2Fcategories&post=49569"},{"taxonomy":"post_tag","embeddable":true,"href":"https:\/\/hablemosclarotdf.com.ar\/index.php?rest_route=%2Fwp%2Fv2%2Ftags&post=49569"}],"curies":[{"name":"wp","href":"https:\/\/api.w.org\/{rel}","templated":true}]}}