{"id":49554,"date":"2025-09-04T13:08:59","date_gmt":"2025-09-04T16:08:59","guid":{"rendered":"https:\/\/hablemosclarotdf.com.ar\/?p=49554"},"modified":"2025-09-04T13:08:59","modified_gmt":"2025-09-04T16:08:59","slug":"ushuaia-el-consejo-municipal-de-discapacidad-convoca-a-un-nuevo-plenario","status":"publish","type":"post","link":"https:\/\/hablemosclarotdf.com.ar\/?p=49554","title":{"rendered":"USHUAIA : EL CONSEJO MUNICIPAL DE DISCAPACIDAD CONVOCA A UN NUEVO PLENARIO"},"content":{"rendered":"<p>La Municipalidad de Ushuaia, a trav\u00e9s de la Secretar\u00eda de Pol\u00edticas Sociales, Sanitarias y Derechos Humanos, invita a la comunidad a participar del pr\u00f3ximo plenario del Consejo Municipal de Discapacidad (COMUDI), que se realizar\u00e1 el mi\u00e9rcoles 10 de septiembre a las 17.30 horas en el Centro de Salud Municipal, ubicado en la calle 12 de Octubre 951.<\/p>\n<p>La convocatoria se enmarca en la ordenanza municipal N\u00b0 3.748, que regula el funcionamiento del Consejo Municipal de Discapacidad. Este espacio garantiza la participaci\u00f3n de organizaciones de la sociedad civil, personas con discapacidad y sus familias, junto con representantes del Ejecutivo Municipal y del Concejo Deliberante.<\/p>\n<p>El encuentro tiene por objetivo promover el di\u00e1logo, la planificaci\u00f3n y la definici\u00f3n de acciones conjuntas en beneficio de las personas con discapacidad, consolidando a Ushuaia como una ciudad cada vez m\u00e1s inclusiva y accesible.<\/p>\n","protected":false},"excerpt":{"rendered":"<p>La Municipalidad de Ushuaia, a trav\u00e9s de la Secretar\u00eda de Pol\u00edticas Sociales, Sanitarias y Derechos&#8230;<\/p>\n","protected":false},"author":1,"featured_media":49555,"comment_status":"closed","ping_status":"closed","sticky":false,"template":"","format":"standard","meta":{"footnotes":""},"categories":[3],"tags":[],"class_list":["post-49554","post","type-post","status-publish","format-standard","has-post-thumbnail","hentry","category-noticias"],"jetpack_featured_media_url":"https:\/\/hablemosclarotdf.com.ar\/wp-content\/uploads\/2025\/09\/photo_2025-09-04_13-08-17.jpg","_links":{"self":[{"href":"https:\/\/hablemosclarotdf.com.ar\/index.php?rest_route=\/wp\/v2\/posts\/49554","targetHints":{"allow":["GET"]}}],"collection":[{"href":"https:\/\/hablemosclarotdf.com.ar\/index.php?rest_route=\/wp\/v2\/posts"}],"about":[{"href":"https:\/\/hablemosclarotdf.com.ar\/index.php?rest_route=\/wp\/v2\/types\/post"}],"author":[{"embeddable":true,"href":"https:\/\/hablemosclarotdf.com.ar\/index.php?rest_route=\/wp\/v2\/users\/1"}],"replies":[{"embeddable":true,"href":"https:\/\/hablemosclarotdf.com.ar\/index.php?rest_route=%2Fwp%2Fv2%2Fcomments&post=49554"}],"version-history":[{"count":1,"href":"https:\/\/hablemosclarotdf.com.ar\/index.php?rest_route=\/wp\/v2\/posts\/49554\/revisions"}],"predecessor-version":[{"id":49556,"href":"https:\/\/hablemosclarotdf.com.ar\/index.php?rest_route=\/wp\/v2\/posts\/49554\/revisions\/49556"}],"wp:featuredmedia":[{"embeddable":true,"href":"https:\/\/hablemosclarotdf.com.ar\/index.php?rest_route=\/wp\/v2\/media\/49555"}],"wp:attachment":[{"href":"https:\/\/hablemosclarotdf.com.ar\/index.php?rest_route=%2Fwp%2Fv2%2Fmedia&parent=49554"}],"wp:term":[{"taxonomy":"category","embeddable":true,"href":"https:\/\/hablemosclarotdf.com.ar\/index.php?rest_route=%2Fwp%2Fv2%2Fcategories&post=49554"},{"taxonomy":"post_tag","embeddable":true,"href":"https:\/\/hablemosclarotdf.com.ar\/index.php?rest_route=%2Fwp%2Fv2%2Ftags&post=49554"}],"curies":[{"name":"wp","href":"https:\/\/api.w.org\/{rel}","templated":true}]}}