{"id":49549,"date":"2025-09-04T12:01:06","date_gmt":"2025-09-04T15:01:06","guid":{"rendered":"https:\/\/hablemosclarotdf.com.ar\/?p=49549"},"modified":"2025-09-04T12:01:06","modified_gmt":"2025-09-04T15:01:06","slug":"te-acompano-edicion-primavera-en-ushuaia-nuevos-encuentros-para-personas-mayores","status":"publish","type":"post","link":"https:\/\/hablemosclarotdf.com.ar\/?p=49549","title":{"rendered":"T\u00c9 ACOMPA\u00d1O EDICI\u00d3N PRIMAVERA EN USHUAIA: NUEVOS ENCUENTROS PARA PERSONAS MAYORES"},"content":{"rendered":"<p>El programa \u201cT\u00e9 Acompa\u00f1o\u201d continua su propuesta en Ushuaia con una nueva edici\u00f3n de primavera, invitando a las personas mayores de la ciudad a compartir una tarde de encuentro, di\u00e1logo y acompa\u00f1amiento en un clima de cercan\u00eda y calidez.<\/p>\n<p>Durante septiembre se llevar\u00e1n adelante dos jornadas abiertas y gratuitas. La primera ser\u00e1 el s\u00e1bado 6 de septiembre, de 15 a 18 horas, en el Jard\u00edn N\u00b08 \u201cCaminitos de Colores\u201d en la calle Facundo Quiroga 1720. El segundo encuentro se realizar\u00e1 el s\u00e1bado 20 de septiembre, de 15 a 18 horas, en el Jard\u00edn N\u00b024 \u201cValle de Andorra\u201d en la calle Alcira Cabrera y Cabo San P\u00edo.<\/p>\n<p>Esta propuesta promueve el encuentro, escucha y contenci\u00f3n, donde se fortalezcan los lazos comunitarios y se valorice el rol de las personas mayores en la vida social de cada barrio, consolidando instancias de integraci\u00f3n, promoviendo el bienestar y el acompa\u00f1amiento en cada etapa de la vida.<\/p>\n<p>Las jornadas contar\u00e1n con meriendas compartidas, actividades recreativas y espacios de conversaci\u00f3n pensados para favorecer la cercan\u00eda y el intercambio. La iniciativa se desarrolla con la articulaci\u00f3n del Ministerio de Jefatura de Gabinete, organizaciones barriales y equipos t\u00e9cnicos, con el prop\u00f3sito de acercar propuestas concretas y accesibles a toda la comunidad.<\/p>\n<p><img loading=\"lazy\" decoding=\"async\" class=\"alignnone size-medium wp-image-49551\" src=\"https:\/\/hablemosclarotdf.com.ar\/wp-content\/uploads\/2025\/09\/photo_2025-09-04_11-59-46-300x200.jpg\" alt=\"\" width=\"300\" height=\"200\" srcset=\"https:\/\/hablemosclarotdf.com.ar\/wp-content\/uploads\/2025\/09\/photo_2025-09-04_11-59-46-300x200.jpg 300w, https:\/\/hablemosclarotdf.com.ar\/wp-content\/uploads\/2025\/09\/photo_2025-09-04_11-59-46-1024x684.jpg 1024w, https:\/\/hablemosclarotdf.com.ar\/wp-content\/uploads\/2025\/09\/photo_2025-09-04_11-59-46-768x513.jpg 768w, https:\/\/hablemosclarotdf.com.ar\/wp-content\/uploads\/2025\/09\/photo_2025-09-04_11-59-46.jpg 1280w\" sizes=\"auto, (max-width: 300px) 100vw, 300px\" \/> <img loading=\"lazy\" decoding=\"async\" class=\"alignnone size-medium wp-image-49552\" src=\"https:\/\/hablemosclarotdf.com.ar\/wp-content\/uploads\/2025\/09\/photo_2025-09-04_11-59-53-300x200.jpg\" alt=\"\" width=\"300\" height=\"200\" srcset=\"https:\/\/hablemosclarotdf.com.ar\/wp-content\/uploads\/2025\/09\/photo_2025-09-04_11-59-53-300x200.jpg 300w, https:\/\/hablemosclarotdf.com.ar\/wp-content\/uploads\/2025\/09\/photo_2025-09-04_11-59-53-1024x684.jpg 1024w, https:\/\/hablemosclarotdf.com.ar\/wp-content\/uploads\/2025\/09\/photo_2025-09-04_11-59-53-768x513.jpg 768w, https:\/\/hablemosclarotdf.com.ar\/wp-content\/uploads\/2025\/09\/photo_2025-09-04_11-59-53.jpg 1280w\" sizes=\"auto, (max-width: 300px) 100vw, 300px\" \/><\/p>\n","protected":false},"excerpt":{"rendered":"<p>El programa \u201cT\u00e9 Acompa\u00f1o\u201d continua su propuesta en Ushuaia con una nueva edici\u00f3n de primavera,&#8230;<\/p>\n","protected":false},"author":1,"featured_media":49550,"comment_status":"closed","ping_status":"closed","sticky":false,"template":"","format":"standard","meta":{"footnotes":""},"categories":[3],"tags":[],"class_list":["post-49549","post","type-post","status-publish","format-standard","has-post-thumbnail","hentry","category-noticias"],"jetpack_featured_media_url":"https:\/\/hablemosclarotdf.com.ar\/wp-content\/uploads\/2025\/09\/photo_2025-09-04_11-59-35.jpg","_links":{"self":[{"href":"https:\/\/hablemosclarotdf.com.ar\/index.php?rest_route=\/wp\/v2\/posts\/49549","targetHints":{"allow":["GET"]}}],"collection":[{"href":"https:\/\/hablemosclarotdf.com.ar\/index.php?rest_route=\/wp\/v2\/posts"}],"about":[{"href":"https:\/\/hablemosclarotdf.com.ar\/index.php?rest_route=\/wp\/v2\/types\/post"}],"author":[{"embeddable":true,"href":"https:\/\/hablemosclarotdf.com.ar\/index.php?rest_route=\/wp\/v2\/users\/1"}],"replies":[{"embeddable":true,"href":"https:\/\/hablemosclarotdf.com.ar\/index.php?rest_route=%2Fwp%2Fv2%2Fcomments&post=49549"}],"version-history":[{"count":1,"href":"https:\/\/hablemosclarotdf.com.ar\/index.php?rest_route=\/wp\/v2\/posts\/49549\/revisions"}],"predecessor-version":[{"id":49553,"href":"https:\/\/hablemosclarotdf.com.ar\/index.php?rest_route=\/wp\/v2\/posts\/49549\/revisions\/49553"}],"wp:featuredmedia":[{"embeddable":true,"href":"https:\/\/hablemosclarotdf.com.ar\/index.php?rest_route=\/wp\/v2\/media\/49550"}],"wp:attachment":[{"href":"https:\/\/hablemosclarotdf.com.ar\/index.php?rest_route=%2Fwp%2Fv2%2Fmedia&parent=49549"}],"wp:term":[{"taxonomy":"category","embeddable":true,"href":"https:\/\/hablemosclarotdf.com.ar\/index.php?rest_route=%2Fwp%2Fv2%2Fcategories&post=49549"},{"taxonomy":"post_tag","embeddable":true,"href":"https:\/\/hablemosclarotdf.com.ar\/index.php?rest_route=%2Fwp%2Fv2%2Ftags&post=49549"}],"curies":[{"name":"wp","href":"https:\/\/api.w.org\/{rel}","templated":true}]}}