{"id":49475,"date":"2025-09-03T18:14:25","date_gmt":"2025-09-03T21:14:25","guid":{"rendered":"https:\/\/hablemosclarotdf.com.ar\/?p=49475"},"modified":"2025-09-03T18:15:59","modified_gmt":"2025-09-03T21:15:59","slug":"blanco-se-reunio-con-el-diputado-lopez-murphy-y-el-ex-jefe-de-estado-mayor-conjunto-del-ejercito-radar-y-iosfa-temas-clave","status":"publish","type":"post","link":"https:\/\/hablemosclarotdf.com.ar\/?p=49475","title":{"rendered":"BLANCO SE REUNI\u00d3 CON EL DIPUTADO L\u00d3PEZ MURPHY Y EL EX JEFE DE ESTADO MAYOR CONJUNTO DEL EJ\u00c9RCITO \u2013 RADAR Y IOSFA TEMAS CLAVE."},"content":{"rendered":"<p>Buenos Aires, 3 de septiembre de 2025.- El Senador Nacional<br \/>\nPablo Daniel Blanco, recibi\u00f3 en su despacho al Dr. Ricardo L\u00f3pez<br \/>\nMurphy, actual diputado nacional, Presidente de la Comisi\u00f3n de<br \/>\nDefensa y ex ministro de Defensa, y a Juan Mart\u00edn Paleo, ex jefe de<br \/>\nEstado Mayor del Conjunto de las Fuerzas Armadas. \u201cEstuvimos<br \/>\nconversando sobre temas relacionados a la seguridad militar en el<br \/>\nAtl\u00e1ntico Sur que comprometen a nuestra soberan\u00eda. Hablamos a<br \/>\nfondo sobre el radar ingl\u00e9s instalado en Tolhuin con la ayuda del<br \/>\ngobierno provincial anterior, la complicidad de Alberto Fern\u00e1ndez y<br \/>\nla vista cada vez m\u00e1s gorda que est\u00e1 haciendo sobre el particular el<br \/>\nmile\u00edsmo\u201d, destac\u00f3 el senador.<\/p>\n<p>Se abordaron temas de absoluta sensibilidad estrat\u00e9gica que<br \/>\ncomprometen a la seguridad nacional en el extremo sur del<br \/>\ncontinente, en plena jurisdicci\u00f3n de nuestra provincia de Tierra del<br \/>\nFuego. Paleo tuvo la valent\u00eda de pronunciarse en contra de la<br \/>\ndecisi\u00f3n del gobierno anterior de permitir la instalaci\u00f3n del radar y<br \/>\nfue uno de los que breg\u00f3 firmemente para su inmediato desarme.<br \/>\nDurante el encuentro, el Dr. L\u00f3pez Murphy se mostr\u00f3 interesado en<br \/>\nla defensa de nuestro espacio geopol\u00edtico, la proyecci\u00f3n argentina<br \/>\nsobre la Ant\u00e1rtida y la potencialidad fueguina como polo log\u00edstico<br \/>\nque pueda prestar servicios a buques en tr\u00e1nsito sean comerciales,<br \/>\nmilitares o cient\u00edficos.<\/p>\n<p>\u201cCon el ex Jefe del Estado Mayor Conjunto \u2013inform\u00f3 Blanco\u2013<br \/>\nhablamos sobre la dram\u00e1tica situaci\u00f3n que atraviesa el Instituto de<br \/>\nObra Social de las Fuerzas Armadas y de Seguridad (IOSFA) que<br \/>\nest\u00e1 pr\u00e1cticamente quebrado y cuyas implicancias son de alto<br \/>\nimpacto negativo para el personal de las fuerzas y sus familiares.<br \/>\nEs una verg\u00fcenza la situaci\u00f3n a la que est\u00e1n sometiendo a esta<br \/>\ninstituci\u00f3n que afecta miles de efectivos retirados y activos\u201d.<br \/>\n\u201cFue un placer haberme reunido con ellos en la certeza de que no<br \/>\nhay ni debe haber diferencias pol\u00edticas cuando lo que se defiende<br \/>\nes el inter\u00e9s nacional, nuestra soberan\u00eda mar\u00edtima, a\u00e9rea y<br \/>\nterritorial, nuestras Islas Malvinas y nuestro posicionamiento<br \/>\nestrat\u00e9gico como natural puerta de ingreso a la Ant\u00e1rtida\u201d, finaliz\u00f3 el senador fueguino.<\/p>\n","protected":false},"excerpt":{"rendered":"<p>Buenos Aires, 3 de septiembre de 2025.- El Senador Nacional Pablo Daniel Blanco, recibi\u00f3 en&#8230;<\/p>\n","protected":false},"author":1,"featured_media":49476,"comment_status":"closed","ping_status":"closed","sticky":false,"template":"","format":"standard","meta":{"footnotes":""},"categories":[3],"tags":[],"class_list":["post-49475","post","type-post","status-publish","format-standard","has-post-thumbnail","hentry","category-noticias"],"jetpack_featured_media_url":"https:\/\/hablemosclarotdf.com.ar\/wp-content\/uploads\/2025\/09\/unnamed.jpg","_links":{"self":[{"href":"https:\/\/hablemosclarotdf.com.ar\/index.php?rest_route=\/wp\/v2\/posts\/49475","targetHints":{"allow":["GET"]}}],"collection":[{"href":"https:\/\/hablemosclarotdf.com.ar\/index.php?rest_route=\/wp\/v2\/posts"}],"about":[{"href":"https:\/\/hablemosclarotdf.com.ar\/index.php?rest_route=\/wp\/v2\/types\/post"}],"author":[{"embeddable":true,"href":"https:\/\/hablemosclarotdf.com.ar\/index.php?rest_route=\/wp\/v2\/users\/1"}],"replies":[{"embeddable":true,"href":"https:\/\/hablemosclarotdf.com.ar\/index.php?rest_route=%2Fwp%2Fv2%2Fcomments&post=49475"}],"version-history":[{"count":2,"href":"https:\/\/hablemosclarotdf.com.ar\/index.php?rest_route=\/wp\/v2\/posts\/49475\/revisions"}],"predecessor-version":[{"id":49479,"href":"https:\/\/hablemosclarotdf.com.ar\/index.php?rest_route=\/wp\/v2\/posts\/49475\/revisions\/49479"}],"wp:featuredmedia":[{"embeddable":true,"href":"https:\/\/hablemosclarotdf.com.ar\/index.php?rest_route=\/wp\/v2\/media\/49476"}],"wp:attachment":[{"href":"https:\/\/hablemosclarotdf.com.ar\/index.php?rest_route=%2Fwp%2Fv2%2Fmedia&parent=49475"}],"wp:term":[{"taxonomy":"category","embeddable":true,"href":"https:\/\/hablemosclarotdf.com.ar\/index.php?rest_route=%2Fwp%2Fv2%2Fcategories&post=49475"},{"taxonomy":"post_tag","embeddable":true,"href":"https:\/\/hablemosclarotdf.com.ar\/index.php?rest_route=%2Fwp%2Fv2%2Ftags&post=49475"}],"curies":[{"name":"wp","href":"https:\/\/api.w.org\/{rel}","templated":true}]}}