{"id":49463,"date":"2025-09-03T16:24:49","date_gmt":"2025-09-03T19:24:49","guid":{"rendered":"https:\/\/hablemosclarotdf.com.ar\/?p=49463"},"modified":"2025-09-03T16:24:49","modified_gmt":"2025-09-03T19:24:49","slug":"rio-grande-industria-y-soberania-amplia-participacion-en-el-ciclo-de-charlas","status":"publish","type":"post","link":"https:\/\/hablemosclarotdf.com.ar\/?p=49463","title":{"rendered":"RIO GRANDE : INDUSTRIA Y SOBERAN\u00cdA: AMPLIA PARTICIPACI\u00d3N EN EL CICLO DE CHARLAS"},"content":{"rendered":"<p>El Municipio de R\u00edo Grande, junto a la UTN Facultad Regional Tierra del Fuego, llev\u00f3 adelante un espacio abierto de reflexi\u00f3n sobre el desarrollo productivo de la ciudad. El encuentro reuni\u00f3 a empresas e instituciones educativas en una jornada de intercambio, an\u00e1lisis y compromiso con la producci\u00f3n local y nacional.<\/p>\n<p>En el marco del D\u00eda de la Industria, se desarroll\u00f3 el ciclo de charlas \u201cIndustria y Soberan\u00eda: Defendemos lo nuestro\u201d, en la sede de la Universidad Tecnol\u00f3gica Nacional (Facultad Regional Tierra del Fuego). La propuesta cont\u00f3 con una amplia convocatoria de estudiantes de diversas instituciones educativas, quienes se mostraron interesados en las presentaciones realizadas.<\/p>\n<p>Durante la jornada se llevaron adelante paneles de exposici\u00f3n con tem\u00e1ticas clave para el desarrollo regional: productos fabricados por empresas locales con est\u00e1ndares internacionales; formaci\u00f3n y capacitaci\u00f3n laboral orientadas a las necesidades de la industria; y casos de \u00e9xito de trabajadores, emprendedores e iniciativas de innovaci\u00f3n industrial local.<\/p>\n<p>Cabe destacar que este encuentro se constituy\u00f3 en un espacio de inspiraci\u00f3n para que las y los estudiantes contin\u00faen sus trayectorias acad\u00e9micas y profesionales, al conocer de cerca las oportunidades que ofrece la industria en R\u00edo Grande.<\/p>\n<p>Al respecto, el secretario de Desarrollo Productivo, Facundo Armas, expres\u00f3 que \u201cfue una jornada necesaria para este contexto dif\u00edcil y de incertidumbre, porque no hay soberan\u00eda sin industria ni desarrollo econ\u00f3mico\u201d, asimismo, agreg\u00f3 que \u201cno hay proyecto de pa\u00eds sin una Tierra del Fuego pr\u00f3spera, industrial y con perspectiva bicontinental\u201d.<\/p>\n<p>\u201cEs clave el debate y la formaci\u00f3n en temas referidos al desarrollo productivo local, lo conseguido durante estos 50 a\u00f1os de la Ley 19.640, el valor agregado en origen del sector industrial fueguino y los desaf\u00edos como oportunidades que tenemos las y los fueguinos para seguir ampliando la matriz productiva\u201d, se\u00f1al\u00f3 el funcionario.<\/p>\n<p>A su vez, agradeci\u00f3 a la UTN Facultad Regional Tierra del Fuego \u201cpor la organizaci\u00f3n conjunta con el Municipio, y quiero poner en valor las capacidades y talentos que esta casa de altos estudios ha aportado a la industria fueguina durante m\u00e1s de 40 a\u00f1os\u201d, as\u00ed como al \u201csector privado por el acompa\u00f1amiento con las exposiciones y la disposici\u00f3n de siempre para trabajar de manera articulada\u201d.<\/p>\n<p>Por su parte, el secretario de Cultura y Extensi\u00f3n de la UTN, Fabio Seleme, indic\u00f3 que \u201cla jornada fue un \u00e9xito, ya que muchos estudiantes, expositores y las principales empresas de nuestra provincia y de la ciudad estuvieron presentes, incluyendo egresados de la Universidad, del Centro Tecnol\u00f3gico de Tierra del Fuego (CENTEC) y del Centro de Formaci\u00f3n del Municipio de R\u00edo Grande\u201d.<\/p>\n<p>\u201cEs una gran experiencia seguir difundiendo c\u00f3mo se desarrolla el trabajo en nuestra industria, reconociendo sus capacidades, logros y la calidad que la caracteriza. Todo esto nos permite defenderla de ataques sistem\u00e1ticos, injustos o especulativos\u201d, afirm\u00f3 Seleme.<\/p>\n<p>De esta forma, se desarroll\u00f3 esta propuesta que visibiliza el potencial productivo de la regi\u00f3n y reafirma el valor estrat\u00e9gico de la industria fueguina para el desarrollo soberano del pa\u00eds.<\/p>\n<p><img loading=\"lazy\" decoding=\"async\" class=\"alignnone size-medium wp-image-49465\" src=\"https:\/\/hablemosclarotdf.com.ar\/wp-content\/uploads\/2025\/09\/photo_2025-09-03_16-23-20-300x223.jpg\" alt=\"\" width=\"300\" height=\"223\" srcset=\"https:\/\/hablemosclarotdf.com.ar\/wp-content\/uploads\/2025\/09\/photo_2025-09-03_16-23-20-300x223.jpg 300w, https:\/\/hablemosclarotdf.com.ar\/wp-content\/uploads\/2025\/09\/photo_2025-09-03_16-23-20-1024x762.jpg 1024w, https:\/\/hablemosclarotdf.com.ar\/wp-content\/uploads\/2025\/09\/photo_2025-09-03_16-23-20-768x572.jpg 768w, https:\/\/hablemosclarotdf.com.ar\/wp-content\/uploads\/2025\/09\/photo_2025-09-03_16-23-20.jpg 1280w\" sizes=\"auto, (max-width: 300px) 100vw, 300px\" \/> <img loading=\"lazy\" decoding=\"async\" class=\"alignnone size-medium wp-image-49466\" src=\"https:\/\/hablemosclarotdf.com.ar\/wp-content\/uploads\/2025\/09\/photo_2025-09-03_16-23-26-300x200.jpg\" alt=\"\" width=\"300\" height=\"200\" srcset=\"https:\/\/hablemosclarotdf.com.ar\/wp-content\/uploads\/2025\/09\/photo_2025-09-03_16-23-26-300x200.jpg 300w, https:\/\/hablemosclarotdf.com.ar\/wp-content\/uploads\/2025\/09\/photo_2025-09-03_16-23-26-1024x682.jpg 1024w, https:\/\/hablemosclarotdf.com.ar\/wp-content\/uploads\/2025\/09\/photo_2025-09-03_16-23-26-768x512.jpg 768w, https:\/\/hablemosclarotdf.com.ar\/wp-content\/uploads\/2025\/09\/photo_2025-09-03_16-23-26.jpg 1280w\" sizes=\"auto, (max-width: 300px) 100vw, 300px\" \/> <img loading=\"lazy\" decoding=\"async\" class=\"alignnone size-medium wp-image-49467\" src=\"https:\/\/hablemosclarotdf.com.ar\/wp-content\/uploads\/2025\/09\/photo_2025-09-03_16-23-33-300x200.jpg\" alt=\"\" width=\"300\" height=\"200\" srcset=\"https:\/\/hablemosclarotdf.com.ar\/wp-content\/uploads\/2025\/09\/photo_2025-09-03_16-23-33-300x200.jpg 300w, https:\/\/hablemosclarotdf.com.ar\/wp-content\/uploads\/2025\/09\/photo_2025-09-03_16-23-33-1024x682.jpg 1024w, https:\/\/hablemosclarotdf.com.ar\/wp-content\/uploads\/2025\/09\/photo_2025-09-03_16-23-33-768x512.jpg 768w, https:\/\/hablemosclarotdf.com.ar\/wp-content\/uploads\/2025\/09\/photo_2025-09-03_16-23-33.jpg 1280w\" sizes=\"auto, (max-width: 300px) 100vw, 300px\" \/> <img loading=\"lazy\" decoding=\"async\" class=\"alignnone size-medium wp-image-49468\" src=\"https:\/\/hablemosclarotdf.com.ar\/wp-content\/uploads\/2025\/09\/photo_2025-09-03_16-23-41-300x200.jpg\" alt=\"\" width=\"300\" height=\"200\" srcset=\"https:\/\/hablemosclarotdf.com.ar\/wp-content\/uploads\/2025\/09\/photo_2025-09-03_16-23-41-300x200.jpg 300w, https:\/\/hablemosclarotdf.com.ar\/wp-content\/uploads\/2025\/09\/photo_2025-09-03_16-23-41-1024x682.jpg 1024w, https:\/\/hablemosclarotdf.com.ar\/wp-content\/uploads\/2025\/09\/photo_2025-09-03_16-23-41-768x512.jpg 768w, https:\/\/hablemosclarotdf.com.ar\/wp-content\/uploads\/2025\/09\/photo_2025-09-03_16-23-41.jpg 1280w\" sizes=\"auto, (max-width: 300px) 100vw, 300px\" \/> <img loading=\"lazy\" decoding=\"async\" class=\"alignnone size-medium wp-image-49469\" src=\"https:\/\/hablemosclarotdf.com.ar\/wp-content\/uploads\/2025\/09\/photo_2025-09-03_16-23-45-300x200.jpg\" alt=\"\" width=\"300\" height=\"200\" srcset=\"https:\/\/hablemosclarotdf.com.ar\/wp-content\/uploads\/2025\/09\/photo_2025-09-03_16-23-45-300x200.jpg 300w, https:\/\/hablemosclarotdf.com.ar\/wp-content\/uploads\/2025\/09\/photo_2025-09-03_16-23-45-1024x682.jpg 1024w, https:\/\/hablemosclarotdf.com.ar\/wp-content\/uploads\/2025\/09\/photo_2025-09-03_16-23-45-768x512.jpg 768w, https:\/\/hablemosclarotdf.com.ar\/wp-content\/uploads\/2025\/09\/photo_2025-09-03_16-23-45.jpg 1280w\" sizes=\"auto, (max-width: 300px) 100vw, 300px\" \/><\/p>\n","protected":false},"excerpt":{"rendered":"<p>El Municipio de R\u00edo Grande, junto a la UTN Facultad Regional Tierra del Fuego, llev\u00f3&#8230;<\/p>\n","protected":false},"author":1,"featured_media":49464,"comment_status":"closed","ping_status":"closed","sticky":false,"template":"","format":"standard","meta":{"footnotes":""},"categories":[3],"tags":[],"class_list":["post-49463","post","type-post","status-publish","format-standard","has-post-thumbnail","hentry","category-noticias"],"jetpack_featured_media_url":"https:\/\/hablemosclarotdf.com.ar\/wp-content\/uploads\/2025\/09\/photo_2025-09-03_16-23-16.jpg","_links":{"self":[{"href":"https:\/\/hablemosclarotdf.com.ar\/index.php?rest_route=\/wp\/v2\/posts\/49463","targetHints":{"allow":["GET"]}}],"collection":[{"href":"https:\/\/hablemosclarotdf.com.ar\/index.php?rest_route=\/wp\/v2\/posts"}],"about":[{"href":"https:\/\/hablemosclarotdf.com.ar\/index.php?rest_route=\/wp\/v2\/types\/post"}],"author":[{"embeddable":true,"href":"https:\/\/hablemosclarotdf.com.ar\/index.php?rest_route=\/wp\/v2\/users\/1"}],"replies":[{"embeddable":true,"href":"https:\/\/hablemosclarotdf.com.ar\/index.php?rest_route=%2Fwp%2Fv2%2Fcomments&post=49463"}],"version-history":[{"count":1,"href":"https:\/\/hablemosclarotdf.com.ar\/index.php?rest_route=\/wp\/v2\/posts\/49463\/revisions"}],"predecessor-version":[{"id":49470,"href":"https:\/\/hablemosclarotdf.com.ar\/index.php?rest_route=\/wp\/v2\/posts\/49463\/revisions\/49470"}],"wp:featuredmedia":[{"embeddable":true,"href":"https:\/\/hablemosclarotdf.com.ar\/index.php?rest_route=\/wp\/v2\/media\/49464"}],"wp:attachment":[{"href":"https:\/\/hablemosclarotdf.com.ar\/index.php?rest_route=%2Fwp%2Fv2%2Fmedia&parent=49463"}],"wp:term":[{"taxonomy":"category","embeddable":true,"href":"https:\/\/hablemosclarotdf.com.ar\/index.php?rest_route=%2Fwp%2Fv2%2Fcategories&post=49463"},{"taxonomy":"post_tag","embeddable":true,"href":"https:\/\/hablemosclarotdf.com.ar\/index.php?rest_route=%2Fwp%2Fv2%2Ftags&post=49463"}],"curies":[{"name":"wp","href":"https:\/\/api.w.org\/{rel}","templated":true}]}}