{"id":49432,"date":"2025-09-03T15:45:27","date_gmt":"2025-09-03T18:45:27","guid":{"rendered":"https:\/\/hablemosclarotdf.com.ar\/?p=49432"},"modified":"2025-09-03T15:45:27","modified_gmt":"2025-09-03T18:45:27","slug":"c-d-tholhuin-aprobo-una-modificacion-clave-para-fortalecer-el-control-institucional-sobre-la-adjudicacion-de-minerales","status":"publish","type":"post","link":"https:\/\/hablemosclarotdf.com.ar\/?p=49432","title":{"rendered":"C.D.THOLHUIN :  Aprob\u00f3 una modificaci\u00f3n clave para fortalecer el control institucional sobre la adjudicaci\u00f3n de minerales"},"content":{"rendered":"<p>Tolhuin, 3 de septiembre de 2025. En el marco de la 5ta Sesi\u00f3n Ordinaria del a\u00f1o, el Concejo Deliberante de Tolhuin aprob\u00f3 por unanimidad la modificaci\u00f3n del Art\u00edculo 3\u00b0 de la Ordenanza Municipal N\u00b0 580\/22, que regula la administraci\u00f3n de minerales de tercera categor\u00eda \u2014como piedra y tierra\u2014 en el \u00e1mbito municipal.<\/p>\n<p>La sesi\u00f3n fue presidida por el concejal Matias Rodriguez Ojeda y cont\u00f3 con la participaci\u00f3n de los concejales Jeannette Alderete, Rosana Taberna, Marcelo Mu\u00f1oz Fern\u00e1ndez y Mar\u00eda Florencia Auat.<\/p>\n<p>A partir de esta reforma, toda adjudicaci\u00f3n de estos minerales deber\u00e1 contar con la ratificaci\u00f3n del Concejo Deliberante, previo a su notificaci\u00f3n al solicitante. Hasta el momento, dichas adjudicaciones eran emitidas \u00fanicamente por decreto del Departamento Ejecutivo.<\/p>\n<p>Cabe destacar que las canteras ubicadas en Tolhuin no solo abastecen a la ciudad, sino que tambi\u00e9n proveen materiales a toda la provincia, convirti\u00e9ndose en un recurso estrat\u00e9gico para obras p\u00fablicas y privadas en Ushuaia y R\u00edo Grande.<\/p>\n<p>La medida apunta a reforzar el control institucional sobre el uso de recursos naturales que son parte del patrimonio com\u00fan de los vecinos y vecinas de Tolhuin, promoviendo una gesti\u00f3n m\u00e1s participativa y con mayor responsabilidad pol\u00edtica.<\/p>\n<p>Desde el Concejo Deliberante destacaron que esta modificaci\u00f3n responde a la necesidad de dar un tratamiento m\u00e1s riguroso y representativo a decisiones que involucran la explotaci\u00f3n de materiales fundamentales para el desarrollo urbano y la infraestructura vial en toda la provincia.<\/p>\n<p><img loading=\"lazy\" decoding=\"async\" class=\"alignnone size-medium wp-image-49434\" src=\"https:\/\/hablemosclarotdf.com.ar\/wp-content\/uploads\/2025\/09\/photo_2025-09-03_15-42-53-240x300.jpg\" alt=\"\" width=\"240\" height=\"300\" srcset=\"https:\/\/hablemosclarotdf.com.ar\/wp-content\/uploads\/2025\/09\/photo_2025-09-03_15-42-53-240x300.jpg 240w, https:\/\/hablemosclarotdf.com.ar\/wp-content\/uploads\/2025\/09\/photo_2025-09-03_15-42-53-818x1024.jpg 818w, https:\/\/hablemosclarotdf.com.ar\/wp-content\/uploads\/2025\/09\/photo_2025-09-03_15-42-53-768x961.jpg 768w, https:\/\/hablemosclarotdf.com.ar\/wp-content\/uploads\/2025\/09\/photo_2025-09-03_15-42-53.jpg 1023w\" sizes=\"auto, (max-width: 240px) 100vw, 240px\" \/> <img loading=\"lazy\" decoding=\"async\" class=\"alignnone size-medium wp-image-49435\" src=\"https:\/\/hablemosclarotdf.com.ar\/wp-content\/uploads\/2025\/09\/photo_2025-09-03_15-42-59-240x300.jpg\" alt=\"\" width=\"240\" height=\"300\" srcset=\"https:\/\/hablemosclarotdf.com.ar\/wp-content\/uploads\/2025\/09\/photo_2025-09-03_15-42-59-240x300.jpg 240w, https:\/\/hablemosclarotdf.com.ar\/wp-content\/uploads\/2025\/09\/photo_2025-09-03_15-42-59-818x1024.jpg 818w, https:\/\/hablemosclarotdf.com.ar\/wp-content\/uploads\/2025\/09\/photo_2025-09-03_15-42-59-768x961.jpg 768w, https:\/\/hablemosclarotdf.com.ar\/wp-content\/uploads\/2025\/09\/photo_2025-09-03_15-42-59.jpg 1023w\" sizes=\"auto, (max-width: 240px) 100vw, 240px\" \/> <img loading=\"lazy\" decoding=\"async\" class=\"alignnone size-medium wp-image-49436\" src=\"https:\/\/hablemosclarotdf.com.ar\/wp-content\/uploads\/2025\/09\/photo_2025-09-03_15-43-04-240x300.jpg\" alt=\"\" width=\"240\" height=\"300\" srcset=\"https:\/\/hablemosclarotdf.com.ar\/wp-content\/uploads\/2025\/09\/photo_2025-09-03_15-43-04-240x300.jpg 240w, https:\/\/hablemosclarotdf.com.ar\/wp-content\/uploads\/2025\/09\/photo_2025-09-03_15-43-04-818x1024.jpg 818w, https:\/\/hablemosclarotdf.com.ar\/wp-content\/uploads\/2025\/09\/photo_2025-09-03_15-43-04-768x961.jpg 768w, https:\/\/hablemosclarotdf.com.ar\/wp-content\/uploads\/2025\/09\/photo_2025-09-03_15-43-04.jpg 1023w\" sizes=\"auto, (max-width: 240px) 100vw, 240px\" \/> <img loading=\"lazy\" decoding=\"async\" class=\"alignnone size-medium wp-image-49437\" src=\"https:\/\/hablemosclarotdf.com.ar\/wp-content\/uploads\/2025\/09\/photo_2025-09-03_15-43-08-240x300.jpg\" alt=\"\" width=\"240\" height=\"300\" srcset=\"https:\/\/hablemosclarotdf.com.ar\/wp-content\/uploads\/2025\/09\/photo_2025-09-03_15-43-08-240x300.jpg 240w, https:\/\/hablemosclarotdf.com.ar\/wp-content\/uploads\/2025\/09\/photo_2025-09-03_15-43-08-818x1024.jpg 818w, https:\/\/hablemosclarotdf.com.ar\/wp-content\/uploads\/2025\/09\/photo_2025-09-03_15-43-08-768x961.jpg 768w, https:\/\/hablemosclarotdf.com.ar\/wp-content\/uploads\/2025\/09\/photo_2025-09-03_15-43-08.jpg 1023w\" sizes=\"auto, (max-width: 240px) 100vw, 240px\" \/> <img loading=\"lazy\" decoding=\"async\" class=\"alignnone size-medium wp-image-49438\" src=\"https:\/\/hablemosclarotdf.com.ar\/wp-content\/uploads\/2025\/09\/photo_2025-09-03_15-43-13-240x300.jpg\" alt=\"\" width=\"240\" height=\"300\" srcset=\"https:\/\/hablemosclarotdf.com.ar\/wp-content\/uploads\/2025\/09\/photo_2025-09-03_15-43-13-240x300.jpg 240w, https:\/\/hablemosclarotdf.com.ar\/wp-content\/uploads\/2025\/09\/photo_2025-09-03_15-43-13-818x1024.jpg 818w, https:\/\/hablemosclarotdf.com.ar\/wp-content\/uploads\/2025\/09\/photo_2025-09-03_15-43-13-768x961.jpg 768w, https:\/\/hablemosclarotdf.com.ar\/wp-content\/uploads\/2025\/09\/photo_2025-09-03_15-43-13.jpg 1023w\" sizes=\"auto, (max-width: 240px) 100vw, 240px\" \/><\/p>\n","protected":false},"excerpt":{"rendered":"<p>Tolhuin, 3 de septiembre de 2025. En el marco de la 5ta Sesi\u00f3n Ordinaria del&#8230;<\/p>\n","protected":false},"author":1,"featured_media":49433,"comment_status":"closed","ping_status":"closed","sticky":false,"template":"","format":"standard","meta":{"footnotes":""},"categories":[3],"tags":[],"class_list":["post-49432","post","type-post","status-publish","format-standard","has-post-thumbnail","hentry","category-noticias"],"jetpack_featured_media_url":"https:\/\/hablemosclarotdf.com.ar\/wp-content\/uploads\/2025\/09\/photo_2025-09-03_15-42-49.jpg","_links":{"self":[{"href":"https:\/\/hablemosclarotdf.com.ar\/index.php?rest_route=\/wp\/v2\/posts\/49432","targetHints":{"allow":["GET"]}}],"collection":[{"href":"https:\/\/hablemosclarotdf.com.ar\/index.php?rest_route=\/wp\/v2\/posts"}],"about":[{"href":"https:\/\/hablemosclarotdf.com.ar\/index.php?rest_route=\/wp\/v2\/types\/post"}],"author":[{"embeddable":true,"href":"https:\/\/hablemosclarotdf.com.ar\/index.php?rest_route=\/wp\/v2\/users\/1"}],"replies":[{"embeddable":true,"href":"https:\/\/hablemosclarotdf.com.ar\/index.php?rest_route=%2Fwp%2Fv2%2Fcomments&post=49432"}],"version-history":[{"count":1,"href":"https:\/\/hablemosclarotdf.com.ar\/index.php?rest_route=\/wp\/v2\/posts\/49432\/revisions"}],"predecessor-version":[{"id":49439,"href":"https:\/\/hablemosclarotdf.com.ar\/index.php?rest_route=\/wp\/v2\/posts\/49432\/revisions\/49439"}],"wp:featuredmedia":[{"embeddable":true,"href":"https:\/\/hablemosclarotdf.com.ar\/index.php?rest_route=\/wp\/v2\/media\/49433"}],"wp:attachment":[{"href":"https:\/\/hablemosclarotdf.com.ar\/index.php?rest_route=%2Fwp%2Fv2%2Fmedia&parent=49432"}],"wp:term":[{"taxonomy":"category","embeddable":true,"href":"https:\/\/hablemosclarotdf.com.ar\/index.php?rest_route=%2Fwp%2Fv2%2Fcategories&post=49432"},{"taxonomy":"post_tag","embeddable":true,"href":"https:\/\/hablemosclarotdf.com.ar\/index.php?rest_route=%2Fwp%2Fv2%2Ftags&post=49432"}],"curies":[{"name":"wp","href":"https:\/\/api.w.org\/{rel}","templated":true}]}}