{"id":49422,"date":"2025-09-03T14:15:29","date_gmt":"2025-09-03T17:15:29","guid":{"rendered":"https:\/\/hablemosclarotdf.com.ar\/?p=49422"},"modified":"2025-09-03T14:15:29","modified_gmt":"2025-09-03T17:15:29","slug":"ushuaia-uise-avanza-en-el-plan-de-modernizacion-con-una-prueba-piloto-de-camaras-de-seguridad-en-las-unidades","status":"publish","type":"post","link":"https:\/\/hablemosclarotdf.com.ar\/?p=49422","title":{"rendered":"USHUAIA : UISE AVANZA EN EL PLAN DE MODERNIZACI\u00d3N CON UNA PRUEBA PILOTO DE C\u00c1MARAS DE SEGURIDAD EN LAS UNIDADES"},"content":{"rendered":"<p style=\"font-weight: 400;\">Ushuaia Integral Sociedad de Estado avanza en su plan de modernizaci\u00f3n para mejorar la seguridad y la calidad del servicio en el transporte p\u00fablico de la ciudad. Como parte de esta iniciativa, comenz\u00f3 una prueba piloto de colocaci\u00f3n de c\u00e1maras de seguridad en las unidades, con el objetivo de generar un entorno m\u00e1s seguro tanto para los pasajeros como para los trabajadores del sistema.<\/p>\n<p style=\"font-weight: 400;\">\n<p style=\"font-weight: 400;\">El presidente de Ushuaia Integral, Jos\u00e9 Labroca, se\u00f1al\u00f3 que \u201ceste programa de modernizaci\u00f3n apunta a fortalecer la seguridad en nuestro transporte p\u00fablico. La incorporaci\u00f3n de c\u00e1maras es un paso importante para brindar mayor tranquilidad a los usuarios y mejorar la gesti\u00f3n diaria del servicio\u201d.<\/p>\n<p style=\"font-weight: 400;\">\n<p style=\"font-weight: 400;\">La iniciativa forma parte de una estrategia integral que busca potenciar la seguridad, optimizar los mecanismos de control y brindar mayor transparencia en la operaci\u00f3n cotidiana del sistema.<\/p>\n<p style=\"font-weight: 400;\">\n<p style=\"font-weight: 400;\">Asimismo, Labroca subray\u00f3 que \u201cestamos comprometidos con la innovaci\u00f3n tecnol\u00f3gica y con brindar un transporte m\u00e1s seguro y confiable para toda la comunidad. La experiencia adquirida en esta prueba nos permitir\u00e1 seguir avanzando en la modernizaci\u00f3n del sistema\u201d.<\/p>\n<p style=\"font-weight: 400;\">\n<p style=\"font-weight: 400;\">Desde la Sociedad de Estado destacaron que la incorporaci\u00f3n de nuevas tecnolog\u00edas reafirma el compromiso de la empresa con la mejora constante del transporte p\u00fablico y con la seguridad de la comunidad.<\/p>\n<p><img loading=\"lazy\" decoding=\"async\" class=\"alignnone size-medium wp-image-49424\" src=\"https:\/\/hablemosclarotdf.com.ar\/wp-content\/uploads\/2025\/09\/0-1-300x225.jpg\" alt=\"\" width=\"300\" height=\"225\" srcset=\"https:\/\/hablemosclarotdf.com.ar\/wp-content\/uploads\/2025\/09\/0-1-300x225.jpg 300w, https:\/\/hablemosclarotdf.com.ar\/wp-content\/uploads\/2025\/09\/0-1.jpg 717w\" sizes=\"auto, (max-width: 300px) 100vw, 300px\" \/> <img loading=\"lazy\" decoding=\"async\" class=\"alignnone size-medium wp-image-49425\" src=\"https:\/\/hablemosclarotdf.com.ar\/wp-content\/uploads\/2025\/09\/0-2-300x225.jpg\" alt=\"\" width=\"300\" height=\"225\" srcset=\"https:\/\/hablemosclarotdf.com.ar\/wp-content\/uploads\/2025\/09\/0-2-300x225.jpg 300w, https:\/\/hablemosclarotdf.com.ar\/wp-content\/uploads\/2025\/09\/0-2.jpg 717w\" sizes=\"auto, (max-width: 300px) 100vw, 300px\" \/><\/p>\n<p><img loading=\"lazy\" decoding=\"async\" class=\"alignnone size-medium wp-image-49426\" src=\"https:\/\/hablemosclarotdf.com.ar\/wp-content\/uploads\/2025\/09\/0-3-300x225.jpg\" alt=\"\" width=\"300\" height=\"225\" srcset=\"https:\/\/hablemosclarotdf.com.ar\/wp-content\/uploads\/2025\/09\/0-3-300x225.jpg 300w, https:\/\/hablemosclarotdf.com.ar\/wp-content\/uploads\/2025\/09\/0-3.jpg 717w\" sizes=\"auto, (max-width: 300px) 100vw, 300px\" \/> <img loading=\"lazy\" decoding=\"async\" class=\"alignnone size-medium wp-image-49427\" src=\"https:\/\/hablemosclarotdf.com.ar\/wp-content\/uploads\/2025\/09\/0-4-300x300.jpg\" alt=\"\" width=\"300\" height=\"300\" srcset=\"https:\/\/hablemosclarotdf.com.ar\/wp-content\/uploads\/2025\/09\/0-4-300x300.jpg 300w, https:\/\/hablemosclarotdf.com.ar\/wp-content\/uploads\/2025\/09\/0-4-150x150.jpg 150w, https:\/\/hablemosclarotdf.com.ar\/wp-content\/uploads\/2025\/09\/0-4.jpg 538w\" sizes=\"auto, (max-width: 300px) 100vw, 300px\" \/> <img loading=\"lazy\" decoding=\"async\" class=\"alignnone size-medium wp-image-49428\" src=\"https:\/\/hablemosclarotdf.com.ar\/wp-content\/uploads\/2025\/09\/0-5-300x300.jpg\" alt=\"\" width=\"300\" height=\"300\" srcset=\"https:\/\/hablemosclarotdf.com.ar\/wp-content\/uploads\/2025\/09\/0-5-300x300.jpg 300w, https:\/\/hablemosclarotdf.com.ar\/wp-content\/uploads\/2025\/09\/0-5-150x150.jpg 150w, https:\/\/hablemosclarotdf.com.ar\/wp-content\/uploads\/2025\/09\/0-5.jpg 538w\" sizes=\"auto, (max-width: 300px) 100vw, 300px\" \/> <img loading=\"lazy\" decoding=\"async\" class=\"alignnone size-medium wp-image-49429\" src=\"https:\/\/hablemosclarotdf.com.ar\/wp-content\/uploads\/2025\/09\/0-6-300x300.jpg\" alt=\"\" width=\"300\" height=\"300\" srcset=\"https:\/\/hablemosclarotdf.com.ar\/wp-content\/uploads\/2025\/09\/0-6-300x300.jpg 300w, https:\/\/hablemosclarotdf.com.ar\/wp-content\/uploads\/2025\/09\/0-6-150x150.jpg 150w, https:\/\/hablemosclarotdf.com.ar\/wp-content\/uploads\/2025\/09\/0-6.jpg 538w\" sizes=\"auto, (max-width: 300px) 100vw, 300px\" \/><\/p>\n<p style=\"font-weight: 400;\">\n","protected":false},"excerpt":{"rendered":"<p>Ushuaia Integral Sociedad de Estado avanza en su plan de modernizaci\u00f3n para mejorar la seguridad&#8230;<\/p>\n","protected":false},"author":1,"featured_media":49423,"comment_status":"closed","ping_status":"closed","sticky":false,"template":"","format":"standard","meta":{"footnotes":""},"categories":[3],"tags":[],"class_list":["post-49422","post","type-post","status-publish","format-standard","has-post-thumbnail","hentry","category-noticias"],"jetpack_featured_media_url":"https:\/\/hablemosclarotdf.com.ar\/wp-content\/uploads\/2025\/09\/0.jpg","_links":{"self":[{"href":"https:\/\/hablemosclarotdf.com.ar\/index.php?rest_route=\/wp\/v2\/posts\/49422","targetHints":{"allow":["GET"]}}],"collection":[{"href":"https:\/\/hablemosclarotdf.com.ar\/index.php?rest_route=\/wp\/v2\/posts"}],"about":[{"href":"https:\/\/hablemosclarotdf.com.ar\/index.php?rest_route=\/wp\/v2\/types\/post"}],"author":[{"embeddable":true,"href":"https:\/\/hablemosclarotdf.com.ar\/index.php?rest_route=\/wp\/v2\/users\/1"}],"replies":[{"embeddable":true,"href":"https:\/\/hablemosclarotdf.com.ar\/index.php?rest_route=%2Fwp%2Fv2%2Fcomments&post=49422"}],"version-history":[{"count":1,"href":"https:\/\/hablemosclarotdf.com.ar\/index.php?rest_route=\/wp\/v2\/posts\/49422\/revisions"}],"predecessor-version":[{"id":49430,"href":"https:\/\/hablemosclarotdf.com.ar\/index.php?rest_route=\/wp\/v2\/posts\/49422\/revisions\/49430"}],"wp:featuredmedia":[{"embeddable":true,"href":"https:\/\/hablemosclarotdf.com.ar\/index.php?rest_route=\/wp\/v2\/media\/49423"}],"wp:attachment":[{"href":"https:\/\/hablemosclarotdf.com.ar\/index.php?rest_route=%2Fwp%2Fv2%2Fmedia&parent=49422"}],"wp:term":[{"taxonomy":"category","embeddable":true,"href":"https:\/\/hablemosclarotdf.com.ar\/index.php?rest_route=%2Fwp%2Fv2%2Fcategories&post=49422"},{"taxonomy":"post_tag","embeddable":true,"href":"https:\/\/hablemosclarotdf.com.ar\/index.php?rest_route=%2Fwp%2Fv2%2Ftags&post=49422"}],"curies":[{"name":"wp","href":"https:\/\/api.w.org\/{rel}","templated":true}]}}