{"id":49414,"date":"2025-09-03T12:23:19","date_gmt":"2025-09-03T15:23:19","guid":{"rendered":"https:\/\/hablemosclarotdf.com.ar\/?p=49414"},"modified":"2025-09-03T12:23:19","modified_gmt":"2025-09-03T15:23:19","slug":"convocatoria-abierta-para-sumarse-a-las-propuestas-del-programa-provincial-de-orquestas-y-coros-en-la-provincia","status":"publish","type":"post","link":"https:\/\/hablemosclarotdf.com.ar\/?p=49414","title":{"rendered":"CONVOCATORIA ABIERTA PARA SUMARSE A LAS PROPUESTAS DEL PROGRAMA PROVINCIAL DE ORQUESTAS Y COROS EN LA PROVINCIA"},"content":{"rendered":"<p>El Programa Provincial Orquestas y Coros perteneciente a la Secretar\u00eda de Pol\u00edticas de Inclusi\u00f3n del Ministerio de Educaci\u00f3n de la provincia invita a ni\u00f1as, ni\u00f1os y j\u00f3venes a participar de las propuestas musicales que se ofrecen durante todo el a\u00f1o.<\/p>\n<p>Estos espacios de encuentro y aprendizaje buscan fortalecer el acceso a la m\u00fasica desde la infancia promoviendo valores como la cooperaci\u00f3n, el trabajo en equipo y la creatividad, donde los m\u00e1s peque\u00f1os pueden descubrir la m\u00fasica, desarrollar su expresi\u00f3n art\u00edstica, compartir con otros y disfrutar de la experiencia de cantar y tocar instrumentos en conjunto.<\/p>\n<p>Estas propuestas se pueden encontrar en las tres ciudades. Los interesados se pueden acercar en los d\u00edas y horarios establecidos o contactarse a los tel\u00e9fonos indicados.<\/p>\n<p>Ushuaia<br \/>\n-Coro Infantil (6 a 11 a\u00f1os), los s\u00e1bados de 11:30 a 12:45h, en el Colegio \u201cLos Andes\u201d (Felipe Romero 205) y los mi\u00e9rcoles, de 18.30 a 19.45h en la Escuela N\u00b039 &#8220;Mirador de Olivia&#8221; (Pionero Fueguino 4349). Tel (2932) 455835 \/ (2901) 607564<br \/>\n-Orquesta Juvenil (12 a 17 a\u00f1os), de lunes a s\u00e1bados en el Colegio \u201cLos Andes\u201d. Tel: (2901) 651180 \/ (2901) 536209<\/p>\n<p>Tolhuin<br \/>\n-Ensamble de Percusi\u00f3n \u201cLatido Austral\u201d (9 a 17 a\u00f1os), los martes y jueves de19:00 a 20:30h y los s\u00e1bados de 11:00 a 13:00h en el Centro Cultural Lola Kiepja (Michay 820). Tel: (2901) 646860<\/p>\n<p>R\u00edo Grande<br \/>\n-Coro Juvenil \u201cRemate de Voces\u201d (13 a 17 a\u00f1os), los lunes y mi\u00e9rcoles 18:30 a 20:00h y los s\u00e1bados de 11:00 a 13:00h, en el Colegio Provincial Haspen. Tel: (2964) 465099<br \/>\n-Big Band Fuego Jazz (13 y 17 a\u00f1os), de lunes a viernes de 18:30 a 20:00h y los s\u00e1bados de 11:45 a 13:45h en el Colegio \u201cAlicia Moreau de Justo\u201d. Tel: (2964) 469061<\/p>\n<p>El programa ha demostrado un crecimiento sostenido en los \u00faltimos a\u00f1os, reuniendo a una gran cantidad de ni\u00f1os, ni\u00f1as y adolescentes de toda la provincia. Sus proyectos se consolidan a trav\u00e9s de muestras anuales y diferentes actividades con la familia y comunicad, con amplia convocatoria, donde las y los participantes comparten lo aprendido, acompa\u00f1ados por un equipo docente con gran experiencia y compromiso, que sostiene y enriquece cada propuesta art\u00edstica.<\/p>\n<p><img loading=\"lazy\" decoding=\"async\" class=\"alignnone size-medium wp-image-49416\" src=\"https:\/\/hablemosclarotdf.com.ar\/wp-content\/uploads\/2025\/09\/photo_2025-09-03_12-22-03-300x202.jpg\" alt=\"\" width=\"300\" height=\"202\" srcset=\"https:\/\/hablemosclarotdf.com.ar\/wp-content\/uploads\/2025\/09\/photo_2025-09-03_12-22-03-300x202.jpg 300w, https:\/\/hablemosclarotdf.com.ar\/wp-content\/uploads\/2025\/09\/photo_2025-09-03_12-22-03-1024x689.jpg 1024w, https:\/\/hablemosclarotdf.com.ar\/wp-content\/uploads\/2025\/09\/photo_2025-09-03_12-22-03-768x517.jpg 768w, https:\/\/hablemosclarotdf.com.ar\/wp-content\/uploads\/2025\/09\/photo_2025-09-03_12-22-03.jpg 1280w\" sizes=\"auto, (max-width: 300px) 100vw, 300px\" \/> <img loading=\"lazy\" decoding=\"async\" class=\"alignnone size-medium wp-image-49417\" src=\"https:\/\/hablemosclarotdf.com.ar\/wp-content\/uploads\/2025\/09\/photo_2025-09-03_12-22-07-300x199.jpg\" alt=\"\" width=\"300\" height=\"199\" srcset=\"https:\/\/hablemosclarotdf.com.ar\/wp-content\/uploads\/2025\/09\/photo_2025-09-03_12-22-07-300x199.jpg 300w, https:\/\/hablemosclarotdf.com.ar\/wp-content\/uploads\/2025\/09\/photo_2025-09-03_12-22-07-1024x681.jpg 1024w, https:\/\/hablemosclarotdf.com.ar\/wp-content\/uploads\/2025\/09\/photo_2025-09-03_12-22-07-768x511.jpg 768w, https:\/\/hablemosclarotdf.com.ar\/wp-content\/uploads\/2025\/09\/photo_2025-09-03_12-22-07.jpg 1280w\" sizes=\"auto, (max-width: 300px) 100vw, 300px\" \/><\/p>\n","protected":false},"excerpt":{"rendered":"<p>El Programa Provincial Orquestas y Coros perteneciente a la Secretar\u00eda de Pol\u00edticas de Inclusi\u00f3n del&#8230;<\/p>\n","protected":false},"author":1,"featured_media":49415,"comment_status":"closed","ping_status":"closed","sticky":false,"template":"","format":"standard","meta":{"footnotes":""},"categories":[3],"tags":[],"class_list":["post-49414","post","type-post","status-publish","format-standard","has-post-thumbnail","hentry","category-noticias"],"jetpack_featured_media_url":"https:\/\/hablemosclarotdf.com.ar\/wp-content\/uploads\/2025\/09\/photo_2025-09-03_12-21-58.jpg","_links":{"self":[{"href":"https:\/\/hablemosclarotdf.com.ar\/index.php?rest_route=\/wp\/v2\/posts\/49414","targetHints":{"allow":["GET"]}}],"collection":[{"href":"https:\/\/hablemosclarotdf.com.ar\/index.php?rest_route=\/wp\/v2\/posts"}],"about":[{"href":"https:\/\/hablemosclarotdf.com.ar\/index.php?rest_route=\/wp\/v2\/types\/post"}],"author":[{"embeddable":true,"href":"https:\/\/hablemosclarotdf.com.ar\/index.php?rest_route=\/wp\/v2\/users\/1"}],"replies":[{"embeddable":true,"href":"https:\/\/hablemosclarotdf.com.ar\/index.php?rest_route=%2Fwp%2Fv2%2Fcomments&post=49414"}],"version-history":[{"count":1,"href":"https:\/\/hablemosclarotdf.com.ar\/index.php?rest_route=\/wp\/v2\/posts\/49414\/revisions"}],"predecessor-version":[{"id":49418,"href":"https:\/\/hablemosclarotdf.com.ar\/index.php?rest_route=\/wp\/v2\/posts\/49414\/revisions\/49418"}],"wp:featuredmedia":[{"embeddable":true,"href":"https:\/\/hablemosclarotdf.com.ar\/index.php?rest_route=\/wp\/v2\/media\/49415"}],"wp:attachment":[{"href":"https:\/\/hablemosclarotdf.com.ar\/index.php?rest_route=%2Fwp%2Fv2%2Fmedia&parent=49414"}],"wp:term":[{"taxonomy":"category","embeddable":true,"href":"https:\/\/hablemosclarotdf.com.ar\/index.php?rest_route=%2Fwp%2Fv2%2Fcategories&post=49414"},{"taxonomy":"post_tag","embeddable":true,"href":"https:\/\/hablemosclarotdf.com.ar\/index.php?rest_route=%2Fwp%2Fv2%2Ftags&post=49414"}],"curies":[{"name":"wp","href":"https:\/\/api.w.org\/{rel}","templated":true}]}}