{"id":49411,"date":"2025-09-03T12:19:17","date_gmt":"2025-09-03T15:19:17","guid":{"rendered":"https:\/\/hablemosclarotdf.com.ar\/?p=49411"},"modified":"2025-09-03T12:19:17","modified_gmt":"2025-09-03T15:19:17","slug":"rio-grande-expo-it-2025-innovacion-y-tecnologia-abierta-a-la-comunidad","status":"publish","type":"post","link":"https:\/\/hablemosclarotdf.com.ar\/?p=49411","title":{"rendered":"RIO GRANDE : EXPO IT 2025: INNOVACI\u00d3N Y TECNOLOG\u00cdA ABIERTA A LA COMUNIDAD"},"content":{"rendered":"<p>En el marco del 5\u00b0 Congreso IT, se realizar\u00e1 la Expo IT 2025, un espacio abierto a toda la comunidad que reunir\u00e1 stands interactivos, experiencias inmersivas y proyectos vinculados a la innovaci\u00f3n y la econom\u00eda del conocimiento.<\/p>\n<p>La Expo se desarrollar\u00e1 durante el viernes 5 y el s\u00e1bado 6 de septiembre en el Polideportivo \u201cCarlos Margalot\u201d, donde empresas locales y regionales presentar\u00e1n sus desarrollos tecnol\u00f3gicos e invitar\u00e1n al p\u00fablico a interactuar con sus propuestas.<\/p>\n<p>Podr\u00e1n participar tanto instituciones educativas como vecinos y vecinas en general, quienes tendr\u00e1n la oportunidad de conocer de cerca las \u00faltimas tendencias tecnol\u00f3gicas y descubrir c\u00f3mo la innovaci\u00f3n contribuye al desarrollo de la ciudad.<\/p>\n","protected":false},"excerpt":{"rendered":"<p>En el marco del 5\u00b0 Congreso IT, se realizar\u00e1 la Expo IT 2025, un espacio&#8230;<\/p>\n","protected":false},"author":1,"featured_media":49412,"comment_status":"closed","ping_status":"closed","sticky":false,"template":"","format":"standard","meta":{"footnotes":""},"categories":[3],"tags":[],"class_list":["post-49411","post","type-post","status-publish","format-standard","has-post-thumbnail","hentry","category-noticias"],"jetpack_featured_media_url":"https:\/\/hablemosclarotdf.com.ar\/wp-content\/uploads\/2025\/09\/photo_2025-09-03_12-17-32.jpg","_links":{"self":[{"href":"https:\/\/hablemosclarotdf.com.ar\/index.php?rest_route=\/wp\/v2\/posts\/49411","targetHints":{"allow":["GET"]}}],"collection":[{"href":"https:\/\/hablemosclarotdf.com.ar\/index.php?rest_route=\/wp\/v2\/posts"}],"about":[{"href":"https:\/\/hablemosclarotdf.com.ar\/index.php?rest_route=\/wp\/v2\/types\/post"}],"author":[{"embeddable":true,"href":"https:\/\/hablemosclarotdf.com.ar\/index.php?rest_route=\/wp\/v2\/users\/1"}],"replies":[{"embeddable":true,"href":"https:\/\/hablemosclarotdf.com.ar\/index.php?rest_route=%2Fwp%2Fv2%2Fcomments&post=49411"}],"version-history":[{"count":1,"href":"https:\/\/hablemosclarotdf.com.ar\/index.php?rest_route=\/wp\/v2\/posts\/49411\/revisions"}],"predecessor-version":[{"id":49413,"href":"https:\/\/hablemosclarotdf.com.ar\/index.php?rest_route=\/wp\/v2\/posts\/49411\/revisions\/49413"}],"wp:featuredmedia":[{"embeddable":true,"href":"https:\/\/hablemosclarotdf.com.ar\/index.php?rest_route=\/wp\/v2\/media\/49412"}],"wp:attachment":[{"href":"https:\/\/hablemosclarotdf.com.ar\/index.php?rest_route=%2Fwp%2Fv2%2Fmedia&parent=49411"}],"wp:term":[{"taxonomy":"category","embeddable":true,"href":"https:\/\/hablemosclarotdf.com.ar\/index.php?rest_route=%2Fwp%2Fv2%2Fcategories&post=49411"},{"taxonomy":"post_tag","embeddable":true,"href":"https:\/\/hablemosclarotdf.com.ar\/index.php?rest_route=%2Fwp%2Fv2%2Ftags&post=49411"}],"curies":[{"name":"wp","href":"https:\/\/api.w.org\/{rel}","templated":true}]}}