{"id":49342,"date":"2025-09-02T16:11:00","date_gmt":"2025-09-02T19:11:00","guid":{"rendered":"https:\/\/hablemosclarotdf.com.ar\/?p=49342"},"modified":"2025-09-02T16:11:00","modified_gmt":"2025-09-02T19:11:00","slug":"rio-grande-este-jueves-comienza-el-taller-de-bombo-leguero","status":"publish","type":"post","link":"https:\/\/hablemosclarotdf.com.ar\/?p=49342","title":{"rendered":"RIO GRANDE : ESTE JUEVES COMIENZA EL TALLER DE BOMBO LEG\u00dcERO"},"content":{"rendered":"<p>El Municipio de R\u00edo Grande acerca esta propuesta a las vecinas y vecinos para aprender sobre este instrumento. La actividad es sin inscripci\u00f3n previa, este jueves 4 de septiembre, a las 19 horas, en el Centro Cultural Alem.<\/p>\n<p>En pos de seguir brindando propuestas culturales y de recreaci\u00f3n para los y las riograndenses, el Municipio de R\u00edo Grande -a trav\u00e9s de la Subsecretar\u00eda de Cultura- llevar\u00e1 adelante un taller de bombo leg\u00fcero.<\/p>\n<p>Dicha actividad estar\u00e1 a cargo de Agust\u00edn Carabajal, quien lleva su nombre en homenaje a su t\u00edo, un precursor y fundador de sonidos de la chacarera del Cancionero Popular Folcl\u00f3rico Argentino de los a\u00f1os 60.<\/p>\n<p>El taller se desarrollar\u00e1 este jueves 4 de septiembre, a las 19 horas, en el Centro Cultural Leandro N. Alem (Belgrano y Alberdi). Ser\u00e1 sin inscripci\u00f3n previa y quienes participen pueden traer su instrumento (no es excluyente).<\/p>\n<p>Cabe destacar que Agust\u00edn naci\u00f3 entre bombos, cantores y compositores; debut\u00f3 a los 8 a\u00f1os con el d\u00fao Cuty Roberto en los grandes festivales populares del pa\u00eds y en escenarios de Buenos Aires. A sus 17 a\u00f1os, ya participaba de proyectos de folclore como sesionista y productor musical.<\/p>\n<p>Adem\u00e1s, estuvo en la embajada de China ensamblando la cultura oriental con ritmos del bombo leg\u00fcero. Tambi\u00e9n particip\u00f3 de los desfiles del bicentenario como capacitador de bombo y referente de la percusi\u00f3n a nivel nacional. Habitualmente brinda clases, talleres, workshops, charlas y conferencias.<\/p>\n<p>Mientras que, en su \u00faltima visita a Europa, fue invitado a Francia por el m\u00fasico Minino Garay para ser parte del Festival de Percusiones del Mundo donde difundi\u00f3 sobre los ritmos folcl\u00f3ricos argentinos y el instrumento emblema de la chacarera: el bombo leg\u00fcero.<\/p>\n<p>De esta manera, el Municipio suma diferentes propuestas para fortalecer el desarrollo cultural y la identidad local.<\/p>\n","protected":false},"excerpt":{"rendered":"<p>El Municipio de R\u00edo Grande acerca esta propuesta a las vecinas y vecinos para aprender&#8230;<\/p>\n","protected":false},"author":1,"featured_media":49343,"comment_status":"closed","ping_status":"closed","sticky":false,"template":"","format":"standard","meta":{"footnotes":""},"categories":[3],"tags":[],"class_list":["post-49342","post","type-post","status-publish","format-standard","has-post-thumbnail","hentry","category-noticias"],"jetpack_featured_media_url":"https:\/\/hablemosclarotdf.com.ar\/wp-content\/uploads\/2025\/09\/photo_2025-09-02_16-10-19.jpg","_links":{"self":[{"href":"https:\/\/hablemosclarotdf.com.ar\/index.php?rest_route=\/wp\/v2\/posts\/49342","targetHints":{"allow":["GET"]}}],"collection":[{"href":"https:\/\/hablemosclarotdf.com.ar\/index.php?rest_route=\/wp\/v2\/posts"}],"about":[{"href":"https:\/\/hablemosclarotdf.com.ar\/index.php?rest_route=\/wp\/v2\/types\/post"}],"author":[{"embeddable":true,"href":"https:\/\/hablemosclarotdf.com.ar\/index.php?rest_route=\/wp\/v2\/users\/1"}],"replies":[{"embeddable":true,"href":"https:\/\/hablemosclarotdf.com.ar\/index.php?rest_route=%2Fwp%2Fv2%2Fcomments&post=49342"}],"version-history":[{"count":1,"href":"https:\/\/hablemosclarotdf.com.ar\/index.php?rest_route=\/wp\/v2\/posts\/49342\/revisions"}],"predecessor-version":[{"id":49344,"href":"https:\/\/hablemosclarotdf.com.ar\/index.php?rest_route=\/wp\/v2\/posts\/49342\/revisions\/49344"}],"wp:featuredmedia":[{"embeddable":true,"href":"https:\/\/hablemosclarotdf.com.ar\/index.php?rest_route=\/wp\/v2\/media\/49343"}],"wp:attachment":[{"href":"https:\/\/hablemosclarotdf.com.ar\/index.php?rest_route=%2Fwp%2Fv2%2Fmedia&parent=49342"}],"wp:term":[{"taxonomy":"category","embeddable":true,"href":"https:\/\/hablemosclarotdf.com.ar\/index.php?rest_route=%2Fwp%2Fv2%2Fcategories&post=49342"},{"taxonomy":"post_tag","embeddable":true,"href":"https:\/\/hablemosclarotdf.com.ar\/index.php?rest_route=%2Fwp%2Fv2%2Ftags&post=49342"}],"curies":[{"name":"wp","href":"https:\/\/api.w.org\/{rel}","templated":true}]}}