{"id":49334,"date":"2025-09-02T16:01:31","date_gmt":"2025-09-02T19:01:31","guid":{"rendered":"https:\/\/hablemosclarotdf.com.ar\/?p=49334"},"modified":"2025-09-02T16:01:31","modified_gmt":"2025-09-02T19:01:31","slug":"c-d-tolhuin-una-nueva-profesional-en-tolhuin","status":"publish","type":"post","link":"https:\/\/hablemosclarotdf.com.ar\/?p=49334","title":{"rendered":"C.D.TOLHUIN : \u00a1Una nueva profesional en Tolhuin!"},"content":{"rendered":"<p>Hoy queremos compartir una historia que nos llena de orgullo y emoci\u00f3n. Laura Galanti, vecina y profesora de nuestro querido Tolhuin, complet\u00f3 sus pr\u00e1cticas pre profesionales en el Concejo Deliberante&#8230; \u00a1y con eso se recibi\u00f3 de T\u00e9cnica Superior en Planificaci\u00f3n y Organizaci\u00f3n de Eventos! \ud83c\udf93<br \/>\n.<br \/>\nLo que hace a\u00fan m\u00e1s especial este logro es que Laura fue la primera persona en realizar sus pr\u00e1cticas en nuestra instituci\u00f3n. Su paso por el Concejo no solo marc\u00f3 el cierre de una etapa para ella, sino tambi\u00e9n el inicio de nuevas posibilidades para muchos m\u00e1s vecinos y vecinas que sue\u00f1an con crecer profesionalmente.<br \/>\n.<br \/>\nEn un acto lleno de emoci\u00f3n, los concejales Matias Rodriguez Ojeda, Jeannette Alderete, Rosana Taberna y Marcelo Mu\u00f1oz Fern\u00e1ndez le entregaron un diploma como reconocimiento a su compromiso, su dedicaci\u00f3n y su valent\u00eda para abrir este nuevo camino.<br \/>\n.<br \/>\n\u00a1Felicitaciones, Laura! Tu esfuerzo inspira y tu historia nos impulsa a seguir construyendo un Concejo cercano, abierto y comprometido con el futuro de nuestra comunidad. \ud83d\udc99<\/p>\n","protected":false},"excerpt":{"rendered":"<p>Hoy queremos compartir una historia que nos llena de orgullo y emoci\u00f3n. Laura Galanti, vecina&#8230;<\/p>\n","protected":false},"author":1,"featured_media":49335,"comment_status":"closed","ping_status":"closed","sticky":false,"template":"","format":"standard","meta":{"footnotes":""},"categories":[3],"tags":[],"class_list":["post-49334","post","type-post","status-publish","format-standard","has-post-thumbnail","hentry","category-noticias"],"jetpack_featured_media_url":"https:\/\/hablemosclarotdf.com.ar\/wp-content\/uploads\/2025\/09\/photo_2025-09-02_15-58-52.jpg","_links":{"self":[{"href":"https:\/\/hablemosclarotdf.com.ar\/index.php?rest_route=\/wp\/v2\/posts\/49334","targetHints":{"allow":["GET"]}}],"collection":[{"href":"https:\/\/hablemosclarotdf.com.ar\/index.php?rest_route=\/wp\/v2\/posts"}],"about":[{"href":"https:\/\/hablemosclarotdf.com.ar\/index.php?rest_route=\/wp\/v2\/types\/post"}],"author":[{"embeddable":true,"href":"https:\/\/hablemosclarotdf.com.ar\/index.php?rest_route=\/wp\/v2\/users\/1"}],"replies":[{"embeddable":true,"href":"https:\/\/hablemosclarotdf.com.ar\/index.php?rest_route=%2Fwp%2Fv2%2Fcomments&post=49334"}],"version-history":[{"count":1,"href":"https:\/\/hablemosclarotdf.com.ar\/index.php?rest_route=\/wp\/v2\/posts\/49334\/revisions"}],"predecessor-version":[{"id":49336,"href":"https:\/\/hablemosclarotdf.com.ar\/index.php?rest_route=\/wp\/v2\/posts\/49334\/revisions\/49336"}],"wp:featuredmedia":[{"embeddable":true,"href":"https:\/\/hablemosclarotdf.com.ar\/index.php?rest_route=\/wp\/v2\/media\/49335"}],"wp:attachment":[{"href":"https:\/\/hablemosclarotdf.com.ar\/index.php?rest_route=%2Fwp%2Fv2%2Fmedia&parent=49334"}],"wp:term":[{"taxonomy":"category","embeddable":true,"href":"https:\/\/hablemosclarotdf.com.ar\/index.php?rest_route=%2Fwp%2Fv2%2Fcategories&post=49334"},{"taxonomy":"post_tag","embeddable":true,"href":"https:\/\/hablemosclarotdf.com.ar\/index.php?rest_route=%2Fwp%2Fv2%2Ftags&post=49334"}],"curies":[{"name":"wp","href":"https:\/\/api.w.org\/{rel}","templated":true}]}}