{"id":49307,"date":"2025-09-02T14:37:00","date_gmt":"2025-09-02T17:37:00","guid":{"rendered":"https:\/\/hablemosclarotdf.com.ar\/?p=49307"},"modified":"2025-09-02T14:37:00","modified_gmt":"2025-09-02T17:37:00","slug":"la-obra-antes-que-nadie-de-gina-solange-magali-chanta-fue-declarada-de-interes-cultural-provincial","status":"publish","type":"post","link":"https:\/\/hablemosclarotdf.com.ar\/?p=49307","title":{"rendered":"LA OBRA \u201cANTES QUE NADIE\u201d DE GINA SOLANGE MAGAL\u00cd CHANTA FUE DECLARADA DE INTER\u00c9S CULTURAL PROVINCIAL"},"content":{"rendered":"<p>En un emotivo encuentro realizado en Ushuaia, la presidenta de la Agencia de Innovaci\u00f3n, Anal\u00eda Cubino, hizo entrega de la Declaraci\u00f3n de Inter\u00e9s Cultural Provincial a la escritora Gina Solange Magal\u00ed Chanta, por su obra \u201cAntes que Nadie\u201d, publicada en junio de 2025 por Editorial Tinta Libre. El encuentro cont\u00f3 adem\u00e1s con la presencia del secretario de Cultura de la Provincia, Aureliano Rodr\u00edguez, quien acompa\u00f1\u00f3 este reconocimiento.<\/p>\n<p>La obra, que a trav\u00e9s de la poes\u00eda invita a transitar un recorrido emocional y reflexivo en torno a la p\u00e9rdida, el desamor, la resiliencia y el renacer, fue distinguida por su valioso aporte al patrimonio cultural de Tierra del Fuego.<\/p>\n<p>Durante la entrega, Cubino, destac\u00f3 que \u201cla escritura es una tarea de enorme trascendencia, no solo como ejercicio creativo, sino como legado cultural\u201d y agreg\u00f3: \u201cReconocer y acompa\u00f1ar a autoras como Gina significa poner en valor el aporte de las mujeres en la literatura y en la construcci\u00f3n del acervo cultural de nuestra provincia. Este tipo de producciones inspiran, transforman y nos invitan a reflexionar sobre nuestra propia esencia\u201d.<\/p>\n<p>Con este reconocimiento, la Provincia reafirma su compromiso en promover y difundir la creaci\u00f3n art\u00edstica local, acompa\u00f1ando a quienes con su talento fortalecen la identidad cultural fueguina.<\/p>\n<p><img loading=\"lazy\" decoding=\"async\" class=\"alignnone size-medium wp-image-49309\" src=\"https:\/\/hablemosclarotdf.com.ar\/wp-content\/uploads\/2025\/09\/photo_2025-09-02_14-35-51-300x200.jpg\" alt=\"\" width=\"300\" height=\"200\" srcset=\"https:\/\/hablemosclarotdf.com.ar\/wp-content\/uploads\/2025\/09\/photo_2025-09-02_14-35-51-300x200.jpg 300w, https:\/\/hablemosclarotdf.com.ar\/wp-content\/uploads\/2025\/09\/photo_2025-09-02_14-35-51-1024x682.jpg 1024w, https:\/\/hablemosclarotdf.com.ar\/wp-content\/uploads\/2025\/09\/photo_2025-09-02_14-35-51-768x511.jpg 768w, https:\/\/hablemosclarotdf.com.ar\/wp-content\/uploads\/2025\/09\/photo_2025-09-02_14-35-51.jpg 1280w\" sizes=\"auto, (max-width: 300px) 100vw, 300px\" \/> <img loading=\"lazy\" decoding=\"async\" class=\"alignnone size-medium wp-image-49310\" src=\"https:\/\/hablemosclarotdf.com.ar\/wp-content\/uploads\/2025\/09\/photo_2025-09-02_14-35-55-300x200.jpg\" alt=\"\" width=\"300\" height=\"200\" srcset=\"https:\/\/hablemosclarotdf.com.ar\/wp-content\/uploads\/2025\/09\/photo_2025-09-02_14-35-55-300x200.jpg 300w, https:\/\/hablemosclarotdf.com.ar\/wp-content\/uploads\/2025\/09\/photo_2025-09-02_14-35-55-1024x682.jpg 1024w, https:\/\/hablemosclarotdf.com.ar\/wp-content\/uploads\/2025\/09\/photo_2025-09-02_14-35-55-768x511.jpg 768w, https:\/\/hablemosclarotdf.com.ar\/wp-content\/uploads\/2025\/09\/photo_2025-09-02_14-35-55.jpg 1280w\" sizes=\"auto, (max-width: 300px) 100vw, 300px\" \/><\/p>\n","protected":false},"excerpt":{"rendered":"<p>En un emotivo encuentro realizado en Ushuaia, la presidenta de la Agencia de Innovaci\u00f3n, Anal\u00eda&#8230;<\/p>\n","protected":false},"author":1,"featured_media":49308,"comment_status":"closed","ping_status":"closed","sticky":false,"template":"","format":"standard","meta":{"footnotes":""},"categories":[3],"tags":[],"class_list":["post-49307","post","type-post","status-publish","format-standard","has-post-thumbnail","hentry","category-noticias"],"jetpack_featured_media_url":"https:\/\/hablemosclarotdf.com.ar\/wp-content\/uploads\/2025\/09\/photo_2025-09-02_14-35-42.jpg","_links":{"self":[{"href":"https:\/\/hablemosclarotdf.com.ar\/index.php?rest_route=\/wp\/v2\/posts\/49307","targetHints":{"allow":["GET"]}}],"collection":[{"href":"https:\/\/hablemosclarotdf.com.ar\/index.php?rest_route=\/wp\/v2\/posts"}],"about":[{"href":"https:\/\/hablemosclarotdf.com.ar\/index.php?rest_route=\/wp\/v2\/types\/post"}],"author":[{"embeddable":true,"href":"https:\/\/hablemosclarotdf.com.ar\/index.php?rest_route=\/wp\/v2\/users\/1"}],"replies":[{"embeddable":true,"href":"https:\/\/hablemosclarotdf.com.ar\/index.php?rest_route=%2Fwp%2Fv2%2Fcomments&post=49307"}],"version-history":[{"count":1,"href":"https:\/\/hablemosclarotdf.com.ar\/index.php?rest_route=\/wp\/v2\/posts\/49307\/revisions"}],"predecessor-version":[{"id":49311,"href":"https:\/\/hablemosclarotdf.com.ar\/index.php?rest_route=\/wp\/v2\/posts\/49307\/revisions\/49311"}],"wp:featuredmedia":[{"embeddable":true,"href":"https:\/\/hablemosclarotdf.com.ar\/index.php?rest_route=\/wp\/v2\/media\/49308"}],"wp:attachment":[{"href":"https:\/\/hablemosclarotdf.com.ar\/index.php?rest_route=%2Fwp%2Fv2%2Fmedia&parent=49307"}],"wp:term":[{"taxonomy":"category","embeddable":true,"href":"https:\/\/hablemosclarotdf.com.ar\/index.php?rest_route=%2Fwp%2Fv2%2Fcategories&post=49307"},{"taxonomy":"post_tag","embeddable":true,"href":"https:\/\/hablemosclarotdf.com.ar\/index.php?rest_route=%2Fwp%2Fv2%2Ftags&post=49307"}],"curies":[{"name":"wp","href":"https:\/\/api.w.org\/{rel}","templated":true}]}}