{"id":49297,"date":"2025-09-02T14:34:01","date_gmt":"2025-09-02T17:34:01","guid":{"rendered":"https:\/\/hablemosclarotdf.com.ar\/?p=49297"},"modified":"2025-09-02T14:34:01","modified_gmt":"2025-09-02T17:34:01","slug":"rio-grande-fue-la-sede-del-2o-torneo-provincial-de-gimnasia-ritmica","status":"publish","type":"post","link":"https:\/\/hablemosclarotdf.com.ar\/?p=49297","title":{"rendered":"R\u00cdO GRANDE FUE LA SEDE DEL 2\u00ba TORNEO PROVINCIAL DE GIMNASIA R\u00cdTMICA"},"content":{"rendered":"<p>El pasado fin de semana, la Federaci\u00f3n Fueguina de Gimnasia, con el apoyo de la Agencia Municipal de Deportes, Cultura y Turismo, llev\u00f3 a cabo el Segundo Torneo Provincial de Gimnasia R\u00edtmica de 2025. El certamen se desarroll\u00f3 en las instalaciones del Polideportivo Carlos Margalot de Chacra II.<\/p>\n<p>El evento reuni\u00f3 a gimnastas de toda la provincia, compitiendo en las categor\u00edas Pre Mini, Mini, Junior, Ac2, Ac3, Open y Senior. La Escuela Municipal de R\u00edo Grande, tanto en las modalidades individual como grupal, cosech\u00f3 18 podios: 8 en primer lugar, 7 en segundo lugar y 3 en tercer lugar.<\/p>\n<p>Tras la competencia, estuvieron presentes para la entrega de premios el gerente de la Agencia de Deportes, Cultura y Turismo, Sebasti\u00e1n Benda\u00f1a; el subsecretario de Deportes, Diego Radwanitzer; la directora general de Deportes, Antonela Soto; y el director de Deportes, Lautaro Miranda.<\/p>\n<p>Desde el Municipio se expres\u00f3 la gratitud hacia todas las competidoras, felicit\u00e1ndolas por el espect\u00e1culo brindado ante la gran cantidad de familias que se acercaron. Asimismo, se destac\u00f3 el trabajo que se realiza desde la Escuela Municipal y se valor\u00f3 el esfuerzo de las gimnastas de Ushuaia para llegar a la ciudad y ser parte de la competencia.<\/p>\n<p>Vale destacar que, en este segundo certamen provincial, 13 gimnastas riograndenses lograron su clasificaci\u00f3n al pr\u00f3ximo Torneo Nacional, que se desarrollar\u00e1 en noviembre en la ciudad de Ushuaia.<\/p>\n<p>De esta manera, el Municipio de R\u00edo Grande contin\u00faa acompa\u00f1ando a las federaciones y a sus deportistas, entendiendo al deporte como una herramienta de integraci\u00f3n y desarrollo, garantizando a toda la comunidad el acceso a la actividad deportiva.<\/p>\n<p><img loading=\"lazy\" decoding=\"async\" class=\"alignnone size-medium wp-image-49299\" src=\"https:\/\/hablemosclarotdf.com.ar\/wp-content\/uploads\/2025\/09\/photo_2025-09-02_14-30-39-300x200.jpg\" alt=\"\" width=\"300\" height=\"200\" srcset=\"https:\/\/hablemosclarotdf.com.ar\/wp-content\/uploads\/2025\/09\/photo_2025-09-02_14-30-39-300x200.jpg 300w, https:\/\/hablemosclarotdf.com.ar\/wp-content\/uploads\/2025\/09\/photo_2025-09-02_14-30-39-1024x684.jpg 1024w, https:\/\/hablemosclarotdf.com.ar\/wp-content\/uploads\/2025\/09\/photo_2025-09-02_14-30-39-768x513.jpg 768w, https:\/\/hablemosclarotdf.com.ar\/wp-content\/uploads\/2025\/09\/photo_2025-09-02_14-30-39.jpg 1280w\" sizes=\"auto, (max-width: 300px) 100vw, 300px\" \/> <img loading=\"lazy\" decoding=\"async\" class=\"alignnone size-medium wp-image-49300\" src=\"https:\/\/hablemosclarotdf.com.ar\/wp-content\/uploads\/2025\/09\/photo_2025-09-02_14-30-49-300x180.jpg\" alt=\"\" width=\"300\" height=\"180\" srcset=\"https:\/\/hablemosclarotdf.com.ar\/wp-content\/uploads\/2025\/09\/photo_2025-09-02_14-30-49-300x180.jpg 300w, https:\/\/hablemosclarotdf.com.ar\/wp-content\/uploads\/2025\/09\/photo_2025-09-02_14-30-49-1024x614.jpg 1024w, https:\/\/hablemosclarotdf.com.ar\/wp-content\/uploads\/2025\/09\/photo_2025-09-02_14-30-49-768x461.jpg 768w, https:\/\/hablemosclarotdf.com.ar\/wp-content\/uploads\/2025\/09\/photo_2025-09-02_14-30-49.jpg 1280w\" sizes=\"auto, (max-width: 300px) 100vw, 300px\" \/> <img loading=\"lazy\" decoding=\"async\" class=\"alignnone size-medium wp-image-49301\" src=\"https:\/\/hablemosclarotdf.com.ar\/wp-content\/uploads\/2025\/09\/photo_2025-09-02_14-30-55-300x200.jpg\" alt=\"\" width=\"300\" height=\"200\" srcset=\"https:\/\/hablemosclarotdf.com.ar\/wp-content\/uploads\/2025\/09\/photo_2025-09-02_14-30-55-300x200.jpg 300w, https:\/\/hablemosclarotdf.com.ar\/wp-content\/uploads\/2025\/09\/photo_2025-09-02_14-30-55-1024x682.jpg 1024w, https:\/\/hablemosclarotdf.com.ar\/wp-content\/uploads\/2025\/09\/photo_2025-09-02_14-30-55-768x512.jpg 768w, https:\/\/hablemosclarotdf.com.ar\/wp-content\/uploads\/2025\/09\/photo_2025-09-02_14-30-55.jpg 1280w\" sizes=\"auto, (max-width: 300px) 100vw, 300px\" \/> <img loading=\"lazy\" decoding=\"async\" class=\"alignnone size-medium wp-image-49302\" src=\"https:\/\/hablemosclarotdf.com.ar\/wp-content\/uploads\/2025\/09\/photo_2025-09-02_14-31-02-300x202.jpg\" alt=\"\" width=\"300\" height=\"202\" srcset=\"https:\/\/hablemosclarotdf.com.ar\/wp-content\/uploads\/2025\/09\/photo_2025-09-02_14-31-02-300x202.jpg 300w, https:\/\/hablemosclarotdf.com.ar\/wp-content\/uploads\/2025\/09\/photo_2025-09-02_14-31-02-1024x690.jpg 1024w, https:\/\/hablemosclarotdf.com.ar\/wp-content\/uploads\/2025\/09\/photo_2025-09-02_14-31-02-768x517.jpg 768w, https:\/\/hablemosclarotdf.com.ar\/wp-content\/uploads\/2025\/09\/photo_2025-09-02_14-31-02.jpg 1280w\" sizes=\"auto, (max-width: 300px) 100vw, 300px\" \/> <img loading=\"lazy\" decoding=\"async\" class=\"alignnone size-medium wp-image-49303\" src=\"https:\/\/hablemosclarotdf.com.ar\/wp-content\/uploads\/2025\/09\/photo_2025-09-02_14-31-06-300x215.jpg\" alt=\"\" width=\"300\" height=\"215\" srcset=\"https:\/\/hablemosclarotdf.com.ar\/wp-content\/uploads\/2025\/09\/photo_2025-09-02_14-31-06-300x215.jpg 300w, https:\/\/hablemosclarotdf.com.ar\/wp-content\/uploads\/2025\/09\/photo_2025-09-02_14-31-06-1024x734.jpg 1024w, https:\/\/hablemosclarotdf.com.ar\/wp-content\/uploads\/2025\/09\/photo_2025-09-02_14-31-06-768x551.jpg 768w, https:\/\/hablemosclarotdf.com.ar\/wp-content\/uploads\/2025\/09\/photo_2025-09-02_14-31-06.jpg 1280w\" sizes=\"auto, (max-width: 300px) 100vw, 300px\" \/> <img loading=\"lazy\" decoding=\"async\" class=\"alignnone size-medium wp-image-49304\" src=\"https:\/\/hablemosclarotdf.com.ar\/wp-content\/uploads\/2025\/09\/photo_2025-09-02_14-31-10-300x200.jpg\" alt=\"\" width=\"300\" height=\"200\" srcset=\"https:\/\/hablemosclarotdf.com.ar\/wp-content\/uploads\/2025\/09\/photo_2025-09-02_14-31-10-300x200.jpg 300w, https:\/\/hablemosclarotdf.com.ar\/wp-content\/uploads\/2025\/09\/photo_2025-09-02_14-31-10-1024x682.jpg 1024w, https:\/\/hablemosclarotdf.com.ar\/wp-content\/uploads\/2025\/09\/photo_2025-09-02_14-31-10-768x512.jpg 768w, https:\/\/hablemosclarotdf.com.ar\/wp-content\/uploads\/2025\/09\/photo_2025-09-02_14-31-10.jpg 1280w\" sizes=\"auto, (max-width: 300px) 100vw, 300px\" \/> <img loading=\"lazy\" decoding=\"async\" class=\"alignnone size-medium wp-image-49305\" src=\"https:\/\/hablemosclarotdf.com.ar\/wp-content\/uploads\/2025\/09\/photo_2025-09-02_14-31-15-300x200.jpg\" alt=\"\" width=\"300\" height=\"200\" srcset=\"https:\/\/hablemosclarotdf.com.ar\/wp-content\/uploads\/2025\/09\/photo_2025-09-02_14-31-15-300x200.jpg 300w, https:\/\/hablemosclarotdf.com.ar\/wp-content\/uploads\/2025\/09\/photo_2025-09-02_14-31-15-1024x684.jpg 1024w, https:\/\/hablemosclarotdf.com.ar\/wp-content\/uploads\/2025\/09\/photo_2025-09-02_14-31-15-768x513.jpg 768w, https:\/\/hablemosclarotdf.com.ar\/wp-content\/uploads\/2025\/09\/photo_2025-09-02_14-31-15.jpg 1280w\" sizes=\"auto, (max-width: 300px) 100vw, 300px\" \/><\/p>\n","protected":false},"excerpt":{"rendered":"<p>El pasado fin de semana, la Federaci\u00f3n Fueguina de Gimnasia, con el apoyo de la&#8230;<\/p>\n","protected":false},"author":1,"featured_media":49298,"comment_status":"closed","ping_status":"closed","sticky":false,"template":"","format":"standard","meta":{"footnotes":""},"categories":[3],"tags":[],"class_list":["post-49297","post","type-post","status-publish","format-standard","has-post-thumbnail","hentry","category-noticias"],"jetpack_featured_media_url":"https:\/\/hablemosclarotdf.com.ar\/wp-content\/uploads\/2025\/09\/photo_2025-09-02_14-30-35.jpg","_links":{"self":[{"href":"https:\/\/hablemosclarotdf.com.ar\/index.php?rest_route=\/wp\/v2\/posts\/49297","targetHints":{"allow":["GET"]}}],"collection":[{"href":"https:\/\/hablemosclarotdf.com.ar\/index.php?rest_route=\/wp\/v2\/posts"}],"about":[{"href":"https:\/\/hablemosclarotdf.com.ar\/index.php?rest_route=\/wp\/v2\/types\/post"}],"author":[{"embeddable":true,"href":"https:\/\/hablemosclarotdf.com.ar\/index.php?rest_route=\/wp\/v2\/users\/1"}],"replies":[{"embeddable":true,"href":"https:\/\/hablemosclarotdf.com.ar\/index.php?rest_route=%2Fwp%2Fv2%2Fcomments&post=49297"}],"version-history":[{"count":1,"href":"https:\/\/hablemosclarotdf.com.ar\/index.php?rest_route=\/wp\/v2\/posts\/49297\/revisions"}],"predecessor-version":[{"id":49306,"href":"https:\/\/hablemosclarotdf.com.ar\/index.php?rest_route=\/wp\/v2\/posts\/49297\/revisions\/49306"}],"wp:featuredmedia":[{"embeddable":true,"href":"https:\/\/hablemosclarotdf.com.ar\/index.php?rest_route=\/wp\/v2\/media\/49298"}],"wp:attachment":[{"href":"https:\/\/hablemosclarotdf.com.ar\/index.php?rest_route=%2Fwp%2Fv2%2Fmedia&parent=49297"}],"wp:term":[{"taxonomy":"category","embeddable":true,"href":"https:\/\/hablemosclarotdf.com.ar\/index.php?rest_route=%2Fwp%2Fv2%2Fcategories&post=49297"},{"taxonomy":"post_tag","embeddable":true,"href":"https:\/\/hablemosclarotdf.com.ar\/index.php?rest_route=%2Fwp%2Fv2%2Ftags&post=49297"}],"curies":[{"name":"wp","href":"https:\/\/api.w.org\/{rel}","templated":true}]}}