{"id":49294,"date":"2025-09-02T12:50:38","date_gmt":"2025-09-02T15:50:38","guid":{"rendered":"https:\/\/hablemosclarotdf.com.ar\/?p=49294"},"modified":"2025-09-02T12:50:38","modified_gmt":"2025-09-02T15:50:38","slug":"el-museo-fueguino-de-arte-celebra-el-mes-de-las-artes-con-talleres-gratuitos-para-la-comunidad","status":"publish","type":"post","link":"https:\/\/hablemosclarotdf.com.ar\/?p=49294","title":{"rendered":"EL MUSEO FUEGUINO DE ARTE CELEBRA EL MES DE LAS ARTES CON TALLERES GRATUITOS PARA LA COMUNIDAD"},"content":{"rendered":"<p>En el marco de la celebraci\u00f3n del Mes de las Artes, la Secretar\u00eda de Cultura, a trav\u00e9s del Museo Fueguino de Arte Nin\u00ed Bernardello, invita a la comunidad a participar en una serie de talleres art\u00edsticos gratuitos que se llevar\u00e1n a cabo durante septiembre.<\/p>\n<p>La iniciativa busca acercar distintas disciplinas art\u00edsticas a los vecinos, fomentando la creatividad y el intercambio cultural.<\/p>\n<p>Los talleres, con cupos limitados y previa inscripci\u00f3n, se dictar\u00e1n todos los s\u00e1bados en las instalaciones del Museo, ubicado en Avenida Belgrano 319 en la ciudad de R\u00edo Grande, con el siguiente cronograma:<\/p>\n<p>S\u00e1bado 6 de septiembre, de 16 a 18 h.: Taller de Acuarela, a cargo de la reconocida artista Gabi Kun.<\/p>\n<p>S\u00e1bado 13 de septiembre, de 14 a 16 h.: Taller de T\u00e9cnica Mixta, dictado por la artista local Adriana Valero.<\/p>\n<p>S\u00e1bado 27 de septiembre, de 16 a 18 h.: Taller de Collage, nuevamente de la mano de Gabi Kun.<\/p>\n<p>Los interesados deben inscribirse a trav\u00e9s de https:\/\/forms.gle\/WgfGWUjH3Csiw92C8.<\/p>\n<p>M\u00e1s informaci\u00f3n a trav\u00e9s del WhatsApp del Museo: 2964 49-6318 o bien a trav\u00e9s de las redes sociales de @conocimientotdf.<\/p>\n","protected":false},"excerpt":{"rendered":"<p>En el marco de la celebraci\u00f3n del Mes de las Artes, la Secretar\u00eda de Cultura,&#8230;<\/p>\n","protected":false},"author":1,"featured_media":49295,"comment_status":"closed","ping_status":"closed","sticky":false,"template":"","format":"standard","meta":{"footnotes":""},"categories":[3],"tags":[],"class_list":["post-49294","post","type-post","status-publish","format-standard","has-post-thumbnail","hentry","category-noticias"],"jetpack_featured_media_url":"https:\/\/hablemosclarotdf.com.ar\/wp-content\/uploads\/2025\/09\/photo_2025-09-02_12-49-07.jpg","_links":{"self":[{"href":"https:\/\/hablemosclarotdf.com.ar\/index.php?rest_route=\/wp\/v2\/posts\/49294","targetHints":{"allow":["GET"]}}],"collection":[{"href":"https:\/\/hablemosclarotdf.com.ar\/index.php?rest_route=\/wp\/v2\/posts"}],"about":[{"href":"https:\/\/hablemosclarotdf.com.ar\/index.php?rest_route=\/wp\/v2\/types\/post"}],"author":[{"embeddable":true,"href":"https:\/\/hablemosclarotdf.com.ar\/index.php?rest_route=\/wp\/v2\/users\/1"}],"replies":[{"embeddable":true,"href":"https:\/\/hablemosclarotdf.com.ar\/index.php?rest_route=%2Fwp%2Fv2%2Fcomments&post=49294"}],"version-history":[{"count":1,"href":"https:\/\/hablemosclarotdf.com.ar\/index.php?rest_route=\/wp\/v2\/posts\/49294\/revisions"}],"predecessor-version":[{"id":49296,"href":"https:\/\/hablemosclarotdf.com.ar\/index.php?rest_route=\/wp\/v2\/posts\/49294\/revisions\/49296"}],"wp:featuredmedia":[{"embeddable":true,"href":"https:\/\/hablemosclarotdf.com.ar\/index.php?rest_route=\/wp\/v2\/media\/49295"}],"wp:attachment":[{"href":"https:\/\/hablemosclarotdf.com.ar\/index.php?rest_route=%2Fwp%2Fv2%2Fmedia&parent=49294"}],"wp:term":[{"taxonomy":"category","embeddable":true,"href":"https:\/\/hablemosclarotdf.com.ar\/index.php?rest_route=%2Fwp%2Fv2%2Fcategories&post=49294"},{"taxonomy":"post_tag","embeddable":true,"href":"https:\/\/hablemosclarotdf.com.ar\/index.php?rest_route=%2Fwp%2Fv2%2Ftags&post=49294"}],"curies":[{"name":"wp","href":"https:\/\/api.w.org\/{rel}","templated":true}]}}