{"id":49287,"date":"2025-09-02T11:46:47","date_gmt":"2025-09-02T14:46:47","guid":{"rendered":"https:\/\/hablemosclarotdf.com.ar\/?p=49287"},"modified":"2025-09-02T11:46:47","modified_gmt":"2025-09-02T14:46:47","slug":"cronograma-de-entrega-de-modulos-alimentarios-en-ushuaia-2","status":"publish","type":"post","link":"https:\/\/hablemosclarotdf.com.ar\/?p=49287","title":{"rendered":"CRONOGRAMA DE ENTREGA DE M\u00d3DULOS ALIMENTARIOS EN USHUAIA"},"content":{"rendered":"<p>El Ministerio de Bienestar Ciudadano y Justicia informa el cronograma de entrega de m\u00f3dulos alimentarios en la ciudad de Ushuaia:<\/p>\n<p>S\u00e1bado 6 de septiembre<br \/>\n10:00 a 17:00<br \/>\nGimnasio Escuela N\u00b0 16<br \/>\nAntonio Isorna 690<\/p>\n<p>Al momento de la entrega los titulares del programa deber\u00e1n:<\/p>\n<p>* Presentar su DNI al agente que realice la entrega.<\/p>\n<p>* Presentarse el d\u00eda asignado seg\u00fan su \u00faltimo domicilio.<\/p>\n<p>* Deber\u00e1 asistir \u00fanicamente el titular a fin de evitar el aglomeramiento de personas en los puntos de entrega.<\/p>\n","protected":false},"excerpt":{"rendered":"<p>El Ministerio de Bienestar Ciudadano y Justicia informa el cronograma de entrega de m\u00f3dulos alimentarios&#8230;<\/p>\n","protected":false},"author":1,"featured_media":49288,"comment_status":"closed","ping_status":"closed","sticky":false,"template":"","format":"standard","meta":{"footnotes":""},"categories":[3],"tags":[],"class_list":["post-49287","post","type-post","status-publish","format-standard","has-post-thumbnail","hentry","category-noticias"],"jetpack_featured_media_url":"https:\/\/hablemosclarotdf.com.ar\/wp-content\/uploads\/2025\/09\/photo_2025-09-02_11-45-28.jpg","_links":{"self":[{"href":"https:\/\/hablemosclarotdf.com.ar\/index.php?rest_route=\/wp\/v2\/posts\/49287","targetHints":{"allow":["GET"]}}],"collection":[{"href":"https:\/\/hablemosclarotdf.com.ar\/index.php?rest_route=\/wp\/v2\/posts"}],"about":[{"href":"https:\/\/hablemosclarotdf.com.ar\/index.php?rest_route=\/wp\/v2\/types\/post"}],"author":[{"embeddable":true,"href":"https:\/\/hablemosclarotdf.com.ar\/index.php?rest_route=\/wp\/v2\/users\/1"}],"replies":[{"embeddable":true,"href":"https:\/\/hablemosclarotdf.com.ar\/index.php?rest_route=%2Fwp%2Fv2%2Fcomments&post=49287"}],"version-history":[{"count":1,"href":"https:\/\/hablemosclarotdf.com.ar\/index.php?rest_route=\/wp\/v2\/posts\/49287\/revisions"}],"predecessor-version":[{"id":49289,"href":"https:\/\/hablemosclarotdf.com.ar\/index.php?rest_route=\/wp\/v2\/posts\/49287\/revisions\/49289"}],"wp:featuredmedia":[{"embeddable":true,"href":"https:\/\/hablemosclarotdf.com.ar\/index.php?rest_route=\/wp\/v2\/media\/49288"}],"wp:attachment":[{"href":"https:\/\/hablemosclarotdf.com.ar\/index.php?rest_route=%2Fwp%2Fv2%2Fmedia&parent=49287"}],"wp:term":[{"taxonomy":"category","embeddable":true,"href":"https:\/\/hablemosclarotdf.com.ar\/index.php?rest_route=%2Fwp%2Fv2%2Fcategories&post=49287"},{"taxonomy":"post_tag","embeddable":true,"href":"https:\/\/hablemosclarotdf.com.ar\/index.php?rest_route=%2Fwp%2Fv2%2Ftags&post=49287"}],"curies":[{"name":"wp","href":"https:\/\/api.w.org\/{rel}","templated":true}]}}