{"id":48952,"date":"2025-08-30T12:31:18","date_gmt":"2025-08-30T15:31:18","guid":{"rendered":"https:\/\/hablemosclarotdf.com.ar\/?p=48952"},"modified":"2025-08-30T16:13:49","modified_gmt":"2025-08-30T19:13:49","slug":"c-d-tolhuin-el-concejo-celebro-su-5ta-sesion-y-avanzo-en-iniciativas-clave-para-el-desarrollo-la-participacion-y-el-control-ciudadano","status":"publish","type":"post","link":"https:\/\/hablemosclarotdf.com.ar\/?p=48952","title":{"rendered":"C.D.TOLHUIN : El Concejo celebr\u00f3 su 5ta Sesi\u00f3n y avanz\u00f3 en iniciativas clave para el desarrollo, la participaci\u00f3n y el control ciudadano"},"content":{"rendered":"<p>Este viernes, el Concejo Deliberante llev\u00f3 adelante la 5ta Sesi\u00f3n Ordinaria del Per\u00edodo Legislativo 2025, dirigida por el concejal Matias Rodriguez Ojeda, presidente del Cuerpo. La jornada cont\u00f3 con la presencia de la totalidad de sus integrantes: las concejalas Jeannette Alderete, Rosana Taberna, Mar\u00eda Florencia Auat, y el concejal Marcelo Mu\u00f1oz Fern\u00e1ndez.<br \/>\n.<br \/>\nDurante la sesi\u00f3n, se trataron una veintena de asuntos, entre proyectos del Ejecutivo, del interbloque y mociones de previa inclusi\u00f3n. Todos los asuntos fueron aprobados por unanimidad, excepto aquellos que, por su naturaleza, fueron girados a comisi\u00f3n para su an\u00e1lisis m\u00e1s detallado.<br \/>\n.<br \/>\nEntre los temas abordados, se destacaron cinco iniciativas clave:<br \/>\n1. Ratifican adjudicaci\u00f3n de parcela para desarrollo comercial<br \/>\nEn un paso importante para el desarrollo econ\u00f3mico y tecnol\u00f3gico de la regi\u00f3n, el Concejo Deliberante ratific\u00f3 la adjudicaci\u00f3n de la Parcela 1 del Macizo 353 a la empresa NetCalls, dirigida por Ezequiel Rebagliati. Esta empresa, que se ha especializado en el sector de Data Centers, busca consolidarse como uno de los m\u00e1s grandes de la Patagonia, aprovechando las excepcionales condiciones naturales de Tolhuin, como sus bajas temperaturas y vientos constantes, factores clave para el enfriamiento pasivo de los servidores.<br \/>\n.<br \/>\nLa adjudicaci\u00f3n se ajusta a las normativas vigentes y se enmarca en los esfuerzos del Concejo para promover la inversi\u00f3n privada, la innovaci\u00f3n tecnol\u00f3gica y la generaci\u00f3n de empleo. NetCalls ha realizado una significativa inversi\u00f3n en infraestructura de conectividad, lo que mejora la latencia de la transmisi\u00f3n de datos y posiciona al Data Center de Tolhuin como una opci\u00f3n competitiva en la regi\u00f3n.<br \/>\n2. Requieren informe sobre la Etapa 1 del Parque Termas R\u00edo Valdez<br \/>\n.<br \/>\nEl Cuerpo solicit\u00f3 al Ejecutivo Municipal un informe detallado sobre los avances en la Etapa 1 del Parque Termas R\u00edo Valdez, obra que cuenta con una asignaci\u00f3n presupuestaria de $243 millones provenientes de la Ley 1300. A trav\u00e9s del Asunto 1373\/25, se pidi\u00f3 informaci\u00f3n t\u00e9cnica, financiera y documental sobre los estudios realizados, mensura, aperturas y contrataciones. El objetivo es garantizar un seguimiento adecuado del destino de los fondos p\u00fablicos y asegurar una adecuada rendici\u00f3n de cuentas.<\/p>\n<p>3. Se estableci\u00f3 el 20 de cada mes como fecha l\u00edmite para publicar el Bolet\u00edn Oficial<br \/>\n.<br \/>\nMediante una nueva ordenanza, el Concejo estableci\u00f3 el d\u00eda 20 de cada mes como plazo m\u00e1ximo para que el Ejecutivo remita al Concejo Deliberante el Bolet\u00edn Oficial actualizado, tanto en formato digital como en papel. Esta medida tiene como objetivo garantizar el acceso oportuno y eficiente a la informaci\u00f3n p\u00fablica, fortaleciendo el v\u00ednculo entre la gesti\u00f3n municipal y la ciudadan\u00eda.<br \/>\n.<br \/>\n4. Nueva ordenanza para identificar toda la flota de veh\u00edculos municipales<br \/>\n.<br \/>\nSe aprob\u00f3 una nueva ordenanza que obliga a identificar todos los veh\u00edculos y maquinarias del Municipio, sean propios o alquilados. La medida busca reforzar el control ciudadano sobre el uso de los recursos p\u00fablicos, mejorar la rendici\u00f3n de cuentas y evitar gastos innecesarios en ploteos personalizados. Las unidades deber\u00e1n llevar la leyenda oficial en sus cuatro lados, promoviendo una correcta utilizaci\u00f3n del patrimonio municipal.<br \/>\n.<br \/>\n5. Declaraci\u00f3n de Inter\u00e9s Municipal, Cultural y Social a ShenuRadio<br \/>\n.<br \/>\nEn reconocimiento a su destacada trayectoria de m\u00e1s de 40 a\u00f1os y su valioso aporte a la difusi\u00f3n cultural, social e hist\u00f3rica de Tolhuin y la provincia, el Concejo Deliberante declar\u00f3 de Inter\u00e9s Municipal a ShenuRadio. Esta emisora, gestionada por Mar\u00eda Betty Herrera Verd\u00f3n Molina, se ha consolidado como un espacio de comunicaci\u00f3n inclusivo y respetuoso, con programaci\u00f3n que rescata las tradiciones fueguinas y mantiene un v\u00ednculo cercano con la comunidad. A trav\u00e9s de espacios como \u201cSin mitos ni leyendas\u201d, \u201cDeja-Vu\u201d y \u201cFolclore desde Tolhuin al mundo\u201d, la emisora ha logrado proyectar la cultura local a nivel nacional e internacional.<br \/>\n.<br \/>\nLa sesi\u00f3n de hoy refleja el firme compromiso del Concejo Deliberante con el desarrollo sustentable, la innovaci\u00f3n tecnol\u00f3gica, el fortalecimiento de la cultura local y una mayor rendici\u00f3n de cuentas en la gesti\u00f3n p\u00fablica. Estas iniciativas buscan afianzar el v\u00ednculo entre el Estado municipal y la comunidad, promoviendo un desarrollo equilibrado, inclusivo y transparente.<br \/>\n.<br \/>\nA su vez, todos los asuntos tratados en la sesi\u00f3n estar\u00e1n disponibles en la p\u00e1gina web del Concejo Deliberante de Tolhuin, concejodeliberantetolhuin.gob.ar, para su lectura y descarga libre.<\/p>\n<p><img loading=\"lazy\" decoding=\"async\" class=\"alignnone size-medium wp-image-48975\" src=\"https:\/\/hablemosclarotdf.com.ar\/wp-content\/uploads\/2025\/08\/photo_2025-08-30_16-12-33-169x300.jpg\" alt=\"\" width=\"169\" height=\"300\" srcset=\"https:\/\/hablemosclarotdf.com.ar\/wp-content\/uploads\/2025\/08\/photo_2025-08-30_16-12-33-169x300.jpg 169w, https:\/\/hablemosclarotdf.com.ar\/wp-content\/uploads\/2025\/08\/photo_2025-08-30_16-12-33-576x1024.jpg 576w, https:\/\/hablemosclarotdf.com.ar\/wp-content\/uploads\/2025\/08\/photo_2025-08-30_16-12-33.jpg 720w\" sizes=\"auto, (max-width: 169px) 100vw, 169px\" \/> <img loading=\"lazy\" decoding=\"async\" class=\"alignnone size-medium wp-image-48976\" src=\"https:\/\/hablemosclarotdf.com.ar\/wp-content\/uploads\/2025\/08\/photo_2025-08-30_16-12-37-169x300.jpg\" alt=\"\" width=\"169\" height=\"300\" srcset=\"https:\/\/hablemosclarotdf.com.ar\/wp-content\/uploads\/2025\/08\/photo_2025-08-30_16-12-37-169x300.jpg 169w, https:\/\/hablemosclarotdf.com.ar\/wp-content\/uploads\/2025\/08\/photo_2025-08-30_16-12-37-576x1024.jpg 576w, https:\/\/hablemosclarotdf.com.ar\/wp-content\/uploads\/2025\/08\/photo_2025-08-30_16-12-37.jpg 720w\" sizes=\"auto, (max-width: 169px) 100vw, 169px\" \/> <img loading=\"lazy\" decoding=\"async\" class=\"alignnone size-medium wp-image-48977\" src=\"https:\/\/hablemosclarotdf.com.ar\/wp-content\/uploads\/2025\/08\/photo_2025-08-30_16-12-42-169x300.jpg\" alt=\"\" width=\"169\" height=\"300\" srcset=\"https:\/\/hablemosclarotdf.com.ar\/wp-content\/uploads\/2025\/08\/photo_2025-08-30_16-12-42-169x300.jpg 169w, https:\/\/hablemosclarotdf.com.ar\/wp-content\/uploads\/2025\/08\/photo_2025-08-30_16-12-42-576x1024.jpg 576w, https:\/\/hablemosclarotdf.com.ar\/wp-content\/uploads\/2025\/08\/photo_2025-08-30_16-12-42.jpg 720w\" sizes=\"auto, (max-width: 169px) 100vw, 169px\" \/> <img loading=\"lazy\" decoding=\"async\" class=\"alignnone size-medium wp-image-48978\" src=\"https:\/\/hablemosclarotdf.com.ar\/wp-content\/uploads\/2025\/08\/photo_2025-08-30_16-12-47-169x300.jpg\" alt=\"\" width=\"169\" height=\"300\" srcset=\"https:\/\/hablemosclarotdf.com.ar\/wp-content\/uploads\/2025\/08\/photo_2025-08-30_16-12-47-169x300.jpg 169w, https:\/\/hablemosclarotdf.com.ar\/wp-content\/uploads\/2025\/08\/photo_2025-08-30_16-12-47-576x1024.jpg 576w, https:\/\/hablemosclarotdf.com.ar\/wp-content\/uploads\/2025\/08\/photo_2025-08-30_16-12-47.jpg 720w\" sizes=\"auto, (max-width: 169px) 100vw, 169px\" \/> <img loading=\"lazy\" decoding=\"async\" class=\"alignnone size-medium wp-image-48979\" src=\"https:\/\/hablemosclarotdf.com.ar\/wp-content\/uploads\/2025\/08\/photo_2025-08-30_16-12-51-169x300.jpg\" alt=\"\" width=\"169\" height=\"300\" srcset=\"https:\/\/hablemosclarotdf.com.ar\/wp-content\/uploads\/2025\/08\/photo_2025-08-30_16-12-51-169x300.jpg 169w, https:\/\/hablemosclarotdf.com.ar\/wp-content\/uploads\/2025\/08\/photo_2025-08-30_16-12-51-576x1024.jpg 576w, https:\/\/hablemosclarotdf.com.ar\/wp-content\/uploads\/2025\/08\/photo_2025-08-30_16-12-51.jpg 720w\" sizes=\"auto, (max-width: 169px) 100vw, 169px\" \/> <img loading=\"lazy\" decoding=\"async\" class=\"alignnone size-medium wp-image-48980\" src=\"https:\/\/hablemosclarotdf.com.ar\/wp-content\/uploads\/2025\/08\/photo_2025-08-30_16-12-55-169x300.jpg\" alt=\"\" width=\"169\" height=\"300\" srcset=\"https:\/\/hablemosclarotdf.com.ar\/wp-content\/uploads\/2025\/08\/photo_2025-08-30_16-12-55-169x300.jpg 169w, https:\/\/hablemosclarotdf.com.ar\/wp-content\/uploads\/2025\/08\/photo_2025-08-30_16-12-55-576x1024.jpg 576w, https:\/\/hablemosclarotdf.com.ar\/wp-content\/uploads\/2025\/08\/photo_2025-08-30_16-12-55.jpg 720w\" sizes=\"auto, (max-width: 169px) 100vw, 169px\" \/><\/p>\n","protected":false},"excerpt":{"rendered":"<p>Este viernes, el Concejo Deliberante llev\u00f3 adelante la 5ta Sesi\u00f3n Ordinaria del Per\u00edodo Legislativo 2025,&#8230;<\/p>\n","protected":false},"author":1,"featured_media":48953,"comment_status":"closed","ping_status":"closed","sticky":false,"template":"","format":"standard","meta":{"footnotes":""},"categories":[3],"tags":[],"class_list":["post-48952","post","type-post","status-publish","format-standard","has-post-thumbnail","hentry","category-noticias"],"jetpack_featured_media_url":"https:\/\/hablemosclarotdf.com.ar\/wp-content\/uploads\/2025\/08\/photo_2025-08-30_12-25-45.jpg","_links":{"self":[{"href":"https:\/\/hablemosclarotdf.com.ar\/index.php?rest_route=\/wp\/v2\/posts\/48952","targetHints":{"allow":["GET"]}}],"collection":[{"href":"https:\/\/hablemosclarotdf.com.ar\/index.php?rest_route=\/wp\/v2\/posts"}],"about":[{"href":"https:\/\/hablemosclarotdf.com.ar\/index.php?rest_route=\/wp\/v2\/types\/post"}],"author":[{"embeddable":true,"href":"https:\/\/hablemosclarotdf.com.ar\/index.php?rest_route=\/wp\/v2\/users\/1"}],"replies":[{"embeddable":true,"href":"https:\/\/hablemosclarotdf.com.ar\/index.php?rest_route=%2Fwp%2Fv2%2Fcomments&post=48952"}],"version-history":[{"count":3,"href":"https:\/\/hablemosclarotdf.com.ar\/index.php?rest_route=\/wp\/v2\/posts\/48952\/revisions"}],"predecessor-version":[{"id":48981,"href":"https:\/\/hablemosclarotdf.com.ar\/index.php?rest_route=\/wp\/v2\/posts\/48952\/revisions\/48981"}],"wp:featuredmedia":[{"embeddable":true,"href":"https:\/\/hablemosclarotdf.com.ar\/index.php?rest_route=\/wp\/v2\/media\/48953"}],"wp:attachment":[{"href":"https:\/\/hablemosclarotdf.com.ar\/index.php?rest_route=%2Fwp%2Fv2%2Fmedia&parent=48952"}],"wp:term":[{"taxonomy":"category","embeddable":true,"href":"https:\/\/hablemosclarotdf.com.ar\/index.php?rest_route=%2Fwp%2Fv2%2Fcategories&post=48952"},{"taxonomy":"post_tag","embeddable":true,"href":"https:\/\/hablemosclarotdf.com.ar\/index.php?rest_route=%2Fwp%2Fv2%2Ftags&post=48952"}],"curies":[{"name":"wp","href":"https:\/\/api.w.org\/{rel}","templated":true}]}}