{"id":44521,"date":"2025-07-17T17:10:03","date_gmt":"2025-07-17T20:10:03","guid":{"rendered":"https:\/\/hablemosclarotdf.com.ar\/?p=44521"},"modified":"2025-07-17T17:10:03","modified_gmt":"2025-07-17T20:10:03","slug":"ushuaia-estudiantes-del-colegio-los-andes-seran-parte-del-programa-municipal-fiesta-de-la-promo-25","status":"publish","type":"post","link":"https:\/\/hablemosclarotdf.com.ar\/?p=44521","title":{"rendered":"USHUAIA : ESTUDIANTES DEL COLEGIO LOS ANDES SER\u00c1N PARTE DEL PROGRAMA MUNICIPAL \u201cFIESTA DE LA PROMO 25\u201d"},"content":{"rendered":"<p>M\u00e1s instituciones se suman a la iniciativa de acompa\u00f1amiento a las juventudes<\/p>\n<p>La Coordinaci\u00f3n de Juventudes de la Secretar\u00eda de Cultura y Educaci\u00f3n de la Municipalidad llev\u00f3 adelante junto a estudiantes y familiares del Colegio Los Andes la firma del convenio que sumar\u00e1 a la instituci\u00f3n al programa municipal \u201cFiesta de la Promo 25\u201d, iniciativa que pone a disposici\u00f3n el Centro Cultural Esther Fadul para los festejos de egreso de las y los j\u00f3venes.<br \/>\nDicha propuesta, que alcanz\u00f3 a m\u00e1s de 1700 estudiantes desde su lanzamiento en 2022, tiene por objetivo brindar un acompa\u00f1amiento econ\u00f3mico a j\u00f3venes y sus familias frente a los gastos propios de la fiesta de egreso, brindando el espacio, t\u00e9cnica, mobiliario y vestido del Centro Cultural Esther Fadul.<br \/>\nAgust\u00edn Monz\u00f3n, coordinador de Juventudes que particip\u00f3 de la firma, destac\u00f3 que \u201ceste acuerdo permite garantizar el uso responsable, seguro y cuidado del espacio municipal, promoviendo la participaci\u00f3n activa de las familias en la organizaci\u00f3n del evento\u201d.<br \/>\n\u201cEsto es parte de una decisi\u00f3n pol\u00edtica tomada por el intendente Walter Vuoto, buscando que las juventudes puedan celebrar este hito en sus vidas en espacios p\u00fablicos adecuados, acompa\u00f1adas por sus familias y la comunidad educativa\u201d.<br \/>\nPara conocer m\u00e1s sobre el programa \u201cLa Fiesta de la Promo\u201d, las y los interesados podr\u00e1n contactarse al correo cultura@ushuaia.gob.ar o visitar las redes sociales de la Secretar\u00eda de Cultura y Educaci\u00f3n en @culturayeducacionush.<\/p>\n<p><img loading=\"lazy\" decoding=\"async\" class=\"alignnone size-medium wp-image-44523\" src=\"https:\/\/hablemosclarotdf.com.ar\/wp-content\/uploads\/2025\/07\/photo_2025-07-17_17-08-24-300x225.jpg\" alt=\"\" width=\"300\" height=\"225\" srcset=\"https:\/\/hablemosclarotdf.com.ar\/wp-content\/uploads\/2025\/07\/photo_2025-07-17_17-08-24-300x225.jpg 300w, https:\/\/hablemosclarotdf.com.ar\/wp-content\/uploads\/2025\/07\/photo_2025-07-17_17-08-24-1024x768.jpg 1024w, https:\/\/hablemosclarotdf.com.ar\/wp-content\/uploads\/2025\/07\/photo_2025-07-17_17-08-24-768x576.jpg 768w, https:\/\/hablemosclarotdf.com.ar\/wp-content\/uploads\/2025\/07\/photo_2025-07-17_17-08-24.jpg 1280w\" sizes=\"auto, (max-width: 300px) 100vw, 300px\" \/> <img loading=\"lazy\" decoding=\"async\" class=\"alignnone size-medium wp-image-44524\" src=\"https:\/\/hablemosclarotdf.com.ar\/wp-content\/uploads\/2025\/07\/photo_2025-07-17_17-08-27-300x225.jpg\" alt=\"\" width=\"300\" height=\"225\" srcset=\"https:\/\/hablemosclarotdf.com.ar\/wp-content\/uploads\/2025\/07\/photo_2025-07-17_17-08-27-300x225.jpg 300w, https:\/\/hablemosclarotdf.com.ar\/wp-content\/uploads\/2025\/07\/photo_2025-07-17_17-08-27-1024x768.jpg 1024w, https:\/\/hablemosclarotdf.com.ar\/wp-content\/uploads\/2025\/07\/photo_2025-07-17_17-08-27-768x576.jpg 768w, https:\/\/hablemosclarotdf.com.ar\/wp-content\/uploads\/2025\/07\/photo_2025-07-17_17-08-27.jpg 1280w\" sizes=\"auto, (max-width: 300px) 100vw, 300px\" \/> <img loading=\"lazy\" decoding=\"async\" class=\"alignnone size-medium wp-image-44525\" src=\"https:\/\/hablemosclarotdf.com.ar\/wp-content\/uploads\/2025\/07\/photo_2025-07-17_17-08-30-300x225.jpg\" alt=\"\" width=\"300\" height=\"225\" srcset=\"https:\/\/hablemosclarotdf.com.ar\/wp-content\/uploads\/2025\/07\/photo_2025-07-17_17-08-30-300x225.jpg 300w, https:\/\/hablemosclarotdf.com.ar\/wp-content\/uploads\/2025\/07\/photo_2025-07-17_17-08-30-1024x768.jpg 1024w, https:\/\/hablemosclarotdf.com.ar\/wp-content\/uploads\/2025\/07\/photo_2025-07-17_17-08-30-768x576.jpg 768w, https:\/\/hablemosclarotdf.com.ar\/wp-content\/uploads\/2025\/07\/photo_2025-07-17_17-08-30.jpg 1280w\" sizes=\"auto, (max-width: 300px) 100vw, 300px\" \/> <img loading=\"lazy\" decoding=\"async\" class=\"alignnone size-medium wp-image-44526\" src=\"https:\/\/hablemosclarotdf.com.ar\/wp-content\/uploads\/2025\/07\/photo_2025-07-17_17-08-34-300x225.jpg\" alt=\"\" width=\"300\" height=\"225\" srcset=\"https:\/\/hablemosclarotdf.com.ar\/wp-content\/uploads\/2025\/07\/photo_2025-07-17_17-08-34-300x225.jpg 300w, https:\/\/hablemosclarotdf.com.ar\/wp-content\/uploads\/2025\/07\/photo_2025-07-17_17-08-34-1024x768.jpg 1024w, https:\/\/hablemosclarotdf.com.ar\/wp-content\/uploads\/2025\/07\/photo_2025-07-17_17-08-34-768x576.jpg 768w, https:\/\/hablemosclarotdf.com.ar\/wp-content\/uploads\/2025\/07\/photo_2025-07-17_17-08-34.jpg 1280w\" sizes=\"auto, (max-width: 300px) 100vw, 300px\" \/> <img loading=\"lazy\" decoding=\"async\" class=\"alignnone size-medium wp-image-44527\" src=\"https:\/\/hablemosclarotdf.com.ar\/wp-content\/uploads\/2025\/07\/photo_2025-07-17_17-08-37-300x225.jpg\" alt=\"\" width=\"300\" height=\"225\" srcset=\"https:\/\/hablemosclarotdf.com.ar\/wp-content\/uploads\/2025\/07\/photo_2025-07-17_17-08-37-300x225.jpg 300w, https:\/\/hablemosclarotdf.com.ar\/wp-content\/uploads\/2025\/07\/photo_2025-07-17_17-08-37-1024x768.jpg 1024w, https:\/\/hablemosclarotdf.com.ar\/wp-content\/uploads\/2025\/07\/photo_2025-07-17_17-08-37-768x576.jpg 768w, https:\/\/hablemosclarotdf.com.ar\/wp-content\/uploads\/2025\/07\/photo_2025-07-17_17-08-37.jpg 1280w\" sizes=\"auto, (max-width: 300px) 100vw, 300px\" \/><\/p>\n","protected":false},"excerpt":{"rendered":"<p>M\u00e1s instituciones se suman a la iniciativa de acompa\u00f1amiento a las juventudes La Coordinaci\u00f3n de&#8230;<\/p>\n","protected":false},"author":1,"featured_media":44522,"comment_status":"closed","ping_status":"closed","sticky":false,"template":"","format":"standard","meta":{"footnotes":""},"categories":[3],"tags":[],"class_list":["post-44521","post","type-post","status-publish","format-standard","has-post-thumbnail","hentry","category-noticias"],"jetpack_featured_media_url":"https:\/\/hablemosclarotdf.com.ar\/wp-content\/uploads\/2025\/07\/photo_2025-07-17_17-08-14.jpg","_links":{"self":[{"href":"https:\/\/hablemosclarotdf.com.ar\/index.php?rest_route=\/wp\/v2\/posts\/44521","targetHints":{"allow":["GET"]}}],"collection":[{"href":"https:\/\/hablemosclarotdf.com.ar\/index.php?rest_route=\/wp\/v2\/posts"}],"about":[{"href":"https:\/\/hablemosclarotdf.com.ar\/index.php?rest_route=\/wp\/v2\/types\/post"}],"author":[{"embeddable":true,"href":"https:\/\/hablemosclarotdf.com.ar\/index.php?rest_route=\/wp\/v2\/users\/1"}],"replies":[{"embeddable":true,"href":"https:\/\/hablemosclarotdf.com.ar\/index.php?rest_route=%2Fwp%2Fv2%2Fcomments&post=44521"}],"version-history":[{"count":1,"href":"https:\/\/hablemosclarotdf.com.ar\/index.php?rest_route=\/wp\/v2\/posts\/44521\/revisions"}],"predecessor-version":[{"id":44528,"href":"https:\/\/hablemosclarotdf.com.ar\/index.php?rest_route=\/wp\/v2\/posts\/44521\/revisions\/44528"}],"wp:featuredmedia":[{"embeddable":true,"href":"https:\/\/hablemosclarotdf.com.ar\/index.php?rest_route=\/wp\/v2\/media\/44522"}],"wp:attachment":[{"href":"https:\/\/hablemosclarotdf.com.ar\/index.php?rest_route=%2Fwp%2Fv2%2Fmedia&parent=44521"}],"wp:term":[{"taxonomy":"category","embeddable":true,"href":"https:\/\/hablemosclarotdf.com.ar\/index.php?rest_route=%2Fwp%2Fv2%2Fcategories&post=44521"},{"taxonomy":"post_tag","embeddable":true,"href":"https:\/\/hablemosclarotdf.com.ar\/index.php?rest_route=%2Fwp%2Fv2%2Ftags&post=44521"}],"curies":[{"name":"wp","href":"https:\/\/api.w.org\/{rel}","templated":true}]}}