{"id":443,"date":"2024-05-25T21:11:32","date_gmt":"2024-05-25T21:11:32","guid":{"rendered":"https:\/\/hablemosclarotdf.com.ar\/?p=443"},"modified":"2024-05-25T21:11:32","modified_gmt":"2024-05-25T21:11:32","slug":"riograndenses-colmaron-el-club-san-martin-para-celebrar-el-25-de-mayo","status":"publish","type":"post","link":"https:\/\/hablemosclarotdf.com.ar\/?p=443","title":{"rendered":"RIOGRANDENSES COLMARON EL CLUB SAN MARTIN PARA CELEBRAR EL 25 DE MAYO"},"content":{"rendered":"<p>Miles de vecinos y vecinas disfrutaron de la gran pe\u00f1a &#8220;Esperando el 25&#8221;, evento organizado por el Municipio para conmemorar juntos esta fecha patria y fortalecer nuestro sentido de Soberan\u00eda Nacional. Se presentaron distintas bandas, ballets y hubo servicio de buffet. Una vez m\u00e1s R\u00edo Grande se une para poner en valor nuestras tradiciones y sentimiento nacional.<\/p>\n<p>Las familias riograndenses compartieron una velada llena de m\u00fasica, baile y memoria en las instalaciones del Club San Mart\u00edn. La presentaci\u00f3n de bandas, artistas y espect\u00e1culos de baile brind\u00f3 a todos los presentes una jornada con sentido patrio, rememorando una fecha tan importante para nuestro pa\u00eds como lo es el 25 de Mayo.<\/p>\n<p>Entre los m\u00fasicos invitados se encontraban Los Amigos RG, Nueva Ra\u00edz, Roc\u00edo Barquet, Mat\u00edas Montecino, Desvelos, Luis Caba\u00f1a, la Instrumental Pushaki, entre otros. Mientras que los espect\u00e1culos de danza estuvieron a cargo de los talleres de Folklore del Centro Cultural Alem, el Ballet Andanzas, Flor de Ceibo, el Grupo Coreogr\u00e1fico Mercedes Sosa, y el taller de danzas de la Direcci\u00f3n del Adulto Mayor, quienes deleitaron con presentaciones realmente emotivas.<\/p>\n<p>Carlos G\u00f3mez, subsecretario de Cultura del Municipio, comparti\u00f3 su entusiasmo acerca de este magn\u00edfico espect\u00e1culo, describi\u00e9ndolo como &#8220;una verdadera fiesta para las familias, donde pudieron disfrutar del talento art\u00edstico local en honor al D\u00eda de la Patria&#8221;.<\/p>\n<p>Adem\u00e1s, resalt\u00f3 que &#8220;a la medianoche, junto a la Banda Municipal, dimos la bienvenida al 25 de mayo entonando el himno nacional y la marcha de Malvinas, teniendo como protagonistas en el centro de la escena, y siendo abanderados nuestros Veteranos de Malvinas&#8221;. Luego &#8220;tanto vecinos como artistas de la ciudad se unieron en el tradicional baile del Peric\u00f3n para celebrar juntos&#8221;.<\/p>\n<p>&#8220;Es importante que sigamos trabajando junto a todos los y las riograndenses para seguir manteniendo vivas nuestras tradiciones; y que las nuevas generaciones celebren nuestras fechas patrias poniendo en valor hechos que hacen a nuestra historia, cultura e identidad como pueblo argentino&#8221;, concluy\u00f3.<\/p>\n<p>&nbsp;<\/p>\n<p><img loading=\"lazy\" decoding=\"async\" class=\"alignnone size-medium wp-image-451\" src=\"https:\/\/hablemosclarotdf.com.ar\/wp-content\/uploads\/2024\/05\/photo_2024-05-25_18-05-31-300x200.jpg\" alt=\"\" width=\"300\" height=\"200\" srcset=\"https:\/\/hablemosclarotdf.com.ar\/wp-content\/uploads\/2024\/05\/photo_2024-05-25_18-05-31-300x200.jpg 300w, https:\/\/hablemosclarotdf.com.ar\/wp-content\/uploads\/2024\/05\/photo_2024-05-25_18-05-31-1024x682.jpg 1024w, https:\/\/hablemosclarotdf.com.ar\/wp-content\/uploads\/2024\/05\/photo_2024-05-25_18-05-31-768x512.jpg 768w, https:\/\/hablemosclarotdf.com.ar\/wp-content\/uploads\/2024\/05\/photo_2024-05-25_18-05-31.jpg 1280w\" sizes=\"auto, (max-width: 300px) 100vw, 300px\" \/> <img loading=\"lazy\" decoding=\"async\" class=\"alignnone size-medium wp-image-452\" src=\"https:\/\/hablemosclarotdf.com.ar\/wp-content\/uploads\/2024\/05\/photo_2024-05-25_18-05-37-300x200.jpg\" alt=\"\" width=\"300\" height=\"200\" srcset=\"https:\/\/hablemosclarotdf.com.ar\/wp-content\/uploads\/2024\/05\/photo_2024-05-25_18-05-37-300x200.jpg 300w, https:\/\/hablemosclarotdf.com.ar\/wp-content\/uploads\/2024\/05\/photo_2024-05-25_18-05-37-1024x682.jpg 1024w, https:\/\/hablemosclarotdf.com.ar\/wp-content\/uploads\/2024\/05\/photo_2024-05-25_18-05-37-768x512.jpg 768w, https:\/\/hablemosclarotdf.com.ar\/wp-content\/uploads\/2024\/05\/photo_2024-05-25_18-05-37.jpg 1280w\" sizes=\"auto, (max-width: 300px) 100vw, 300px\" \/> <img loading=\"lazy\" decoding=\"async\" class=\"alignnone size-medium wp-image-453\" src=\"https:\/\/hablemosclarotdf.com.ar\/wp-content\/uploads\/2024\/05\/photo_2024-05-25_18-05-49-300x200.jpg\" alt=\"\" width=\"300\" height=\"200\" srcset=\"https:\/\/hablemosclarotdf.com.ar\/wp-content\/uploads\/2024\/05\/photo_2024-05-25_18-05-49-300x200.jpg 300w, https:\/\/hablemosclarotdf.com.ar\/wp-content\/uploads\/2024\/05\/photo_2024-05-25_18-05-49-1024x682.jpg 1024w, https:\/\/hablemosclarotdf.com.ar\/wp-content\/uploads\/2024\/05\/photo_2024-05-25_18-05-49-768x512.jpg 768w, https:\/\/hablemosclarotdf.com.ar\/wp-content\/uploads\/2024\/05\/photo_2024-05-25_18-05-49.jpg 1280w\" sizes=\"auto, (max-width: 300px) 100vw, 300px\" \/> <img loading=\"lazy\" decoding=\"async\" class=\"alignnone size-medium wp-image-454\" src=\"https:\/\/hablemosclarotdf.com.ar\/wp-content\/uploads\/2024\/05\/photo_2024-05-25_18-05-57-300x200.jpg\" alt=\"\" width=\"300\" height=\"200\" srcset=\"https:\/\/hablemosclarotdf.com.ar\/wp-content\/uploads\/2024\/05\/photo_2024-05-25_18-05-57-300x200.jpg 300w, https:\/\/hablemosclarotdf.com.ar\/wp-content\/uploads\/2024\/05\/photo_2024-05-25_18-05-57-1024x682.jpg 1024w, https:\/\/hablemosclarotdf.com.ar\/wp-content\/uploads\/2024\/05\/photo_2024-05-25_18-05-57-768x512.jpg 768w, https:\/\/hablemosclarotdf.com.ar\/wp-content\/uploads\/2024\/05\/photo_2024-05-25_18-05-57.jpg 1280w\" sizes=\"auto, (max-width: 300px) 100vw, 300px\" \/><\/p>\n<p>&nbsp;<\/p>\n<p><img loading=\"lazy\" decoding=\"async\" class=\"alignnone size-medium wp-image-455\" src=\"https:\/\/hablemosclarotdf.com.ar\/wp-content\/uploads\/2024\/05\/photo_2024-05-25_18-06-06-300x200.jpg\" alt=\"\" width=\"300\" height=\"200\" srcset=\"https:\/\/hablemosclarotdf.com.ar\/wp-content\/uploads\/2024\/05\/photo_2024-05-25_18-06-06-300x200.jpg 300w, https:\/\/hablemosclarotdf.com.ar\/wp-content\/uploads\/2024\/05\/photo_2024-05-25_18-06-06-1024x682.jpg 1024w, https:\/\/hablemosclarotdf.com.ar\/wp-content\/uploads\/2024\/05\/photo_2024-05-25_18-06-06-768x512.jpg 768w, https:\/\/hablemosclarotdf.com.ar\/wp-content\/uploads\/2024\/05\/photo_2024-05-25_18-06-06.jpg 1280w\" sizes=\"auto, (max-width: 300px) 100vw, 300px\" \/> <img loading=\"lazy\" decoding=\"async\" class=\"alignnone size-medium wp-image-456\" src=\"https:\/\/hablemosclarotdf.com.ar\/wp-content\/uploads\/2024\/05\/photo_2024-05-25_18-06-15-300x200.jpg\" alt=\"\" width=\"300\" height=\"200\" srcset=\"https:\/\/hablemosclarotdf.com.ar\/wp-content\/uploads\/2024\/05\/photo_2024-05-25_18-06-15-300x200.jpg 300w, https:\/\/hablemosclarotdf.com.ar\/wp-content\/uploads\/2024\/05\/photo_2024-05-25_18-06-15-1024x682.jpg 1024w, https:\/\/hablemosclarotdf.com.ar\/wp-content\/uploads\/2024\/05\/photo_2024-05-25_18-06-15-768x512.jpg 768w, https:\/\/hablemosclarotdf.com.ar\/wp-content\/uploads\/2024\/05\/photo_2024-05-25_18-06-15.jpg 1280w\" sizes=\"auto, (max-width: 300px) 100vw, 300px\" \/><\/p>\n","protected":false},"excerpt":{"rendered":"<p>Miles de vecinos y vecinas disfrutaron de la gran pe\u00f1a &#8220;Esperando el 25&#8221;, evento organizado&#8230;<\/p>\n","protected":false},"author":1,"featured_media":444,"comment_status":"closed","ping_status":"closed","sticky":false,"template":"","format":"standard","meta":{"footnotes":""},"categories":[3],"tags":[],"class_list":["post-443","post","type-post","status-publish","format-standard","has-post-thumbnail","hentry","category-noticias"],"jetpack_featured_media_url":"https:\/\/hablemosclarotdf.com.ar\/wp-content\/uploads\/2024\/05\/photo_2024-05-25_17-52-39.jpg","_links":{"self":[{"href":"https:\/\/hablemosclarotdf.com.ar\/index.php?rest_route=\/wp\/v2\/posts\/443","targetHints":{"allow":["GET"]}}],"collection":[{"href":"https:\/\/hablemosclarotdf.com.ar\/index.php?rest_route=\/wp\/v2\/posts"}],"about":[{"href":"https:\/\/hablemosclarotdf.com.ar\/index.php?rest_route=\/wp\/v2\/types\/post"}],"author":[{"embeddable":true,"href":"https:\/\/hablemosclarotdf.com.ar\/index.php?rest_route=\/wp\/v2\/users\/1"}],"replies":[{"embeddable":true,"href":"https:\/\/hablemosclarotdf.com.ar\/index.php?rest_route=%2Fwp%2Fv2%2Fcomments&post=443"}],"version-history":[{"count":1,"href":"https:\/\/hablemosclarotdf.com.ar\/index.php?rest_route=\/wp\/v2\/posts\/443\/revisions"}],"predecessor-version":[{"id":457,"href":"https:\/\/hablemosclarotdf.com.ar\/index.php?rest_route=\/wp\/v2\/posts\/443\/revisions\/457"}],"wp:featuredmedia":[{"embeddable":true,"href":"https:\/\/hablemosclarotdf.com.ar\/index.php?rest_route=\/wp\/v2\/media\/444"}],"wp:attachment":[{"href":"https:\/\/hablemosclarotdf.com.ar\/index.php?rest_route=%2Fwp%2Fv2%2Fmedia&parent=443"}],"wp:term":[{"taxonomy":"category","embeddable":true,"href":"https:\/\/hablemosclarotdf.com.ar\/index.php?rest_route=%2Fwp%2Fv2%2Fcategories&post=443"},{"taxonomy":"post_tag","embeddable":true,"href":"https:\/\/hablemosclarotdf.com.ar\/index.php?rest_route=%2Fwp%2Fv2%2Ftags&post=443"}],"curies":[{"name":"wp","href":"https:\/\/api.w.org\/{rel}","templated":true}]}}