{"id":41284,"date":"2025-06-20T13:55:11","date_gmt":"2025-06-20T16:55:11","guid":{"rendered":"https:\/\/hablemosclarotdf.com.ar\/?p=41284"},"modified":"2025-06-20T13:55:11","modified_gmt":"2025-06-20T16:55:11","slug":"gobierno-homenajeo-a-manuel-belgrano-y-la-bandera-nacional-junto-a-la-comunidad-fueguina","status":"publish","type":"post","link":"https:\/\/hablemosclarotdf.com.ar\/?p=41284","title":{"rendered":"GOBIERNO HOMENAJE\u00d3 A MANUEL BELGRANO Y LA BANDERA NACIONAL JUNTO A LA COMUNIDAD FUEGUINA"},"content":{"rendered":"<p>El Gobierno de la Provincia junto a la comunidad fueguina, realiz\u00f3 en Tolhuin; Ushuaia y R\u00edo Grande, el izamiento del pabell\u00f3n nacional en el \u2018D\u00eda de la Bandera\u2019, durante la ma\u00f1ana del 20 de junio y en homenaje al General Manuel Belgrano al cumplirse el 205\u00b0 Aniversario de su fallecimiento.<\/p>\n<p>La ceremonia se llev\u00f3 a cabo en distintos puntos de la provincia, donde autoridades del Ejecutivo Provincia; vecinos; Ex Combatientes de Malvinas; representantes de las fuerzas armadas y de seguridad; asociaciones civiles y autoridades de instituciones educativas, procedieron al izado de la Bandera Nacional Argentina en se\u00f1al de unidad y compromiso con los valores patrios.<\/p>\n<p>En Tolhuin, la emotiva ceremonia se realiz\u00f3 en la Delegaci\u00f3n de Gobierno. En R\u00edo Grande, se hizo lo propio tanto en la Escuela N\u00ba 10 &#8220;General Manuel Belgrano&#8221; como en la Casa del Deporte. Mientras que en Ushuaia se llev\u00f3 a cabo en Casa de Gobierno.<\/p>\n<p>El objetivo de los izamientos simult\u00e1neos en toda la provincia, fue que entre todos los fueguinos, sigamos construyendo d\u00eda a d\u00eda con compromiso; unidad y solidaridad una provincia y un pa\u00eds m\u00e1s justo. Y que al recordar a su creador, Manuel Belgrano, reafirmemos los valores que nos unen como argentinos y fueguinos.<\/p>\n<p>La bandera argentina es el s\u00edmbolo patrio m\u00e1s antiguo que tenemos y fue izada por primera vez en 1812 a orillas del R\u00edo Paran\u00e1 durante la gesta por la independencia de las Provincias Unidas del R\u00edo de la Plata.<\/p>\n<p><img loading=\"lazy\" decoding=\"async\" class=\"alignnone size-medium wp-image-41286\" src=\"https:\/\/hablemosclarotdf.com.ar\/wp-content\/uploads\/2025\/06\/photo_2025-06-20_13-54-00-300x200.jpg\" alt=\"\" width=\"300\" height=\"200\" srcset=\"https:\/\/hablemosclarotdf.com.ar\/wp-content\/uploads\/2025\/06\/photo_2025-06-20_13-54-00-300x200.jpg 300w, https:\/\/hablemosclarotdf.com.ar\/wp-content\/uploads\/2025\/06\/photo_2025-06-20_13-54-00-1024x682.jpg 1024w, https:\/\/hablemosclarotdf.com.ar\/wp-content\/uploads\/2025\/06\/photo_2025-06-20_13-54-00-768x512.jpg 768w, https:\/\/hablemosclarotdf.com.ar\/wp-content\/uploads\/2025\/06\/photo_2025-06-20_13-54-00.jpg 1280w\" sizes=\"auto, (max-width: 300px) 100vw, 300px\" \/> <img loading=\"lazy\" decoding=\"async\" class=\"alignnone size-medium wp-image-41287\" src=\"https:\/\/hablemosclarotdf.com.ar\/wp-content\/uploads\/2025\/06\/photo_2025-06-20_13-54-08-300x200.jpg\" alt=\"\" width=\"300\" height=\"200\" srcset=\"https:\/\/hablemosclarotdf.com.ar\/wp-content\/uploads\/2025\/06\/photo_2025-06-20_13-54-08-300x200.jpg 300w, https:\/\/hablemosclarotdf.com.ar\/wp-content\/uploads\/2025\/06\/photo_2025-06-20_13-54-08-1024x682.jpg 1024w, https:\/\/hablemosclarotdf.com.ar\/wp-content\/uploads\/2025\/06\/photo_2025-06-20_13-54-08-768x512.jpg 768w, https:\/\/hablemosclarotdf.com.ar\/wp-content\/uploads\/2025\/06\/photo_2025-06-20_13-54-08.jpg 1280w\" sizes=\"auto, (max-width: 300px) 100vw, 300px\" \/><\/p>\n","protected":false},"excerpt":{"rendered":"<p>El Gobierno de la Provincia junto a la comunidad fueguina, realiz\u00f3 en Tolhuin; Ushuaia y&#8230;<\/p>\n","protected":false},"author":1,"featured_media":41285,"comment_status":"closed","ping_status":"closed","sticky":false,"template":"","format":"standard","meta":{"footnotes":""},"categories":[3],"tags":[],"class_list":["post-41284","post","type-post","status-publish","format-standard","has-post-thumbnail","hentry","category-noticias"],"jetpack_featured_media_url":"https:\/\/hablemosclarotdf.com.ar\/wp-content\/uploads\/2025\/06\/photo_2025-06-20_13-53-49.jpg","_links":{"self":[{"href":"https:\/\/hablemosclarotdf.com.ar\/index.php?rest_route=\/wp\/v2\/posts\/41284","targetHints":{"allow":["GET"]}}],"collection":[{"href":"https:\/\/hablemosclarotdf.com.ar\/index.php?rest_route=\/wp\/v2\/posts"}],"about":[{"href":"https:\/\/hablemosclarotdf.com.ar\/index.php?rest_route=\/wp\/v2\/types\/post"}],"author":[{"embeddable":true,"href":"https:\/\/hablemosclarotdf.com.ar\/index.php?rest_route=\/wp\/v2\/users\/1"}],"replies":[{"embeddable":true,"href":"https:\/\/hablemosclarotdf.com.ar\/index.php?rest_route=%2Fwp%2Fv2%2Fcomments&post=41284"}],"version-history":[{"count":1,"href":"https:\/\/hablemosclarotdf.com.ar\/index.php?rest_route=\/wp\/v2\/posts\/41284\/revisions"}],"predecessor-version":[{"id":41288,"href":"https:\/\/hablemosclarotdf.com.ar\/index.php?rest_route=\/wp\/v2\/posts\/41284\/revisions\/41288"}],"wp:featuredmedia":[{"embeddable":true,"href":"https:\/\/hablemosclarotdf.com.ar\/index.php?rest_route=\/wp\/v2\/media\/41285"}],"wp:attachment":[{"href":"https:\/\/hablemosclarotdf.com.ar\/index.php?rest_route=%2Fwp%2Fv2%2Fmedia&parent=41284"}],"wp:term":[{"taxonomy":"category","embeddable":true,"href":"https:\/\/hablemosclarotdf.com.ar\/index.php?rest_route=%2Fwp%2Fv2%2Fcategories&post=41284"},{"taxonomy":"post_tag","embeddable":true,"href":"https:\/\/hablemosclarotdf.com.ar\/index.php?rest_route=%2Fwp%2Fv2%2Ftags&post=41284"}],"curies":[{"name":"wp","href":"https:\/\/api.w.org\/{rel}","templated":true}]}}