{"id":41279,"date":"2025-06-20T13:52:33","date_gmt":"2025-06-20T16:52:33","guid":{"rendered":"https:\/\/hablemosclarotdf.com.ar\/?p=41279"},"modified":"2025-06-20T13:52:33","modified_gmt":"2025-06-20T16:52:33","slug":"rio-grande-el-municipio-acompano-la-ceremonia-del-dia-de-bandera-en-el-bim-n-5","status":"publish","type":"post","link":"https:\/\/hablemosclarotdf.com.ar\/?p=41279","title":{"rendered":"RIO GRANDE : EL MUNICIPIO ACOMPA\u00d1\u00d3 LA CEREMONIA DEL D\u00cdA DE BANDERA EN EL BIM N\u00b0 5"},"content":{"rendered":"<p>El emotivo acto se llev\u00f3 a cabo en la Plaza de Armas del Batall\u00f3n de Infanter\u00eda de Marina N\u00b0 5, en el marco del 205\u00b0 Aniversario de la Creaci\u00f3n de la Bandera Nacional. Fue presidido por el Comandante de la Brigada de Infantar\u00eda de Marina Austral, Capit\u00e1n de Nav\u00edo Alfredo Banegas.<\/p>\n<p>En representaci\u00f3n del Municipio, estuvo presente el secretario de Gobierno, Gast\u00f3n D\u00edaz; el subsecretario de Asuntos Pol\u00edticos y Legislativos, Jos\u00e9 &#8220;Nato&#8221; Ojeda y el director General de Cooperaci\u00f3n y Asuntos Estrat\u00e9gicos, Ariel Rodr\u00edguez.<\/p>\n<p>La ceremonia concluy\u00f3 con un saludo militar que simboliz\u00f3 el profundo respeto y agradecimiento de la comunidad naval a aquellos que defendieron la patria.<\/p>\n<p><img loading=\"lazy\" decoding=\"async\" class=\"alignnone size-medium wp-image-41281\" src=\"https:\/\/hablemosclarotdf.com.ar\/wp-content\/uploads\/2025\/06\/photo_2025-06-20_13-50-58-300x200.jpg\" alt=\"\" width=\"300\" height=\"200\" srcset=\"https:\/\/hablemosclarotdf.com.ar\/wp-content\/uploads\/2025\/06\/photo_2025-06-20_13-50-58-300x200.jpg 300w, https:\/\/hablemosclarotdf.com.ar\/wp-content\/uploads\/2025\/06\/photo_2025-06-20_13-50-58-1024x683.jpg 1024w, https:\/\/hablemosclarotdf.com.ar\/wp-content\/uploads\/2025\/06\/photo_2025-06-20_13-50-58-768x512.jpg 768w, https:\/\/hablemosclarotdf.com.ar\/wp-content\/uploads\/2025\/06\/photo_2025-06-20_13-50-58.jpg 1280w\" sizes=\"auto, (max-width: 300px) 100vw, 300px\" \/> <img loading=\"lazy\" decoding=\"async\" class=\"alignnone size-medium wp-image-41282\" src=\"https:\/\/hablemosclarotdf.com.ar\/wp-content\/uploads\/2025\/06\/photo_2025-06-20_13-51-02-300x200.jpg\" alt=\"\" width=\"300\" height=\"200\" srcset=\"https:\/\/hablemosclarotdf.com.ar\/wp-content\/uploads\/2025\/06\/photo_2025-06-20_13-51-02-300x200.jpg 300w, https:\/\/hablemosclarotdf.com.ar\/wp-content\/uploads\/2025\/06\/photo_2025-06-20_13-51-02-1024x682.jpg 1024w, https:\/\/hablemosclarotdf.com.ar\/wp-content\/uploads\/2025\/06\/photo_2025-06-20_13-51-02-768x512.jpg 768w, https:\/\/hablemosclarotdf.com.ar\/wp-content\/uploads\/2025\/06\/photo_2025-06-20_13-51-02.jpg 1280w\" sizes=\"auto, (max-width: 300px) 100vw, 300px\" \/><\/p>\n","protected":false},"excerpt":{"rendered":"<p>El emotivo acto se llev\u00f3 a cabo en la Plaza de Armas del Batall\u00f3n de&#8230;<\/p>\n","protected":false},"author":1,"featured_media":41280,"comment_status":"closed","ping_status":"closed","sticky":false,"template":"","format":"standard","meta":{"footnotes":""},"categories":[3],"tags":[],"class_list":["post-41279","post","type-post","status-publish","format-standard","has-post-thumbnail","hentry","category-noticias"],"jetpack_featured_media_url":"https:\/\/hablemosclarotdf.com.ar\/wp-content\/uploads\/2025\/06\/photo_2025-06-20_13-50-51.jpg","_links":{"self":[{"href":"https:\/\/hablemosclarotdf.com.ar\/index.php?rest_route=\/wp\/v2\/posts\/41279","targetHints":{"allow":["GET"]}}],"collection":[{"href":"https:\/\/hablemosclarotdf.com.ar\/index.php?rest_route=\/wp\/v2\/posts"}],"about":[{"href":"https:\/\/hablemosclarotdf.com.ar\/index.php?rest_route=\/wp\/v2\/types\/post"}],"author":[{"embeddable":true,"href":"https:\/\/hablemosclarotdf.com.ar\/index.php?rest_route=\/wp\/v2\/users\/1"}],"replies":[{"embeddable":true,"href":"https:\/\/hablemosclarotdf.com.ar\/index.php?rest_route=%2Fwp%2Fv2%2Fcomments&post=41279"}],"version-history":[{"count":1,"href":"https:\/\/hablemosclarotdf.com.ar\/index.php?rest_route=\/wp\/v2\/posts\/41279\/revisions"}],"predecessor-version":[{"id":41283,"href":"https:\/\/hablemosclarotdf.com.ar\/index.php?rest_route=\/wp\/v2\/posts\/41279\/revisions\/41283"}],"wp:featuredmedia":[{"embeddable":true,"href":"https:\/\/hablemosclarotdf.com.ar\/index.php?rest_route=\/wp\/v2\/media\/41280"}],"wp:attachment":[{"href":"https:\/\/hablemosclarotdf.com.ar\/index.php?rest_route=%2Fwp%2Fv2%2Fmedia&parent=41279"}],"wp:term":[{"taxonomy":"category","embeddable":true,"href":"https:\/\/hablemosclarotdf.com.ar\/index.php?rest_route=%2Fwp%2Fv2%2Fcategories&post=41279"},{"taxonomy":"post_tag","embeddable":true,"href":"https:\/\/hablemosclarotdf.com.ar\/index.php?rest_route=%2Fwp%2Fv2%2Ftags&post=41279"}],"curies":[{"name":"wp","href":"https:\/\/api.w.org\/{rel}","templated":true}]}}