{"id":41276,"date":"2025-06-20T13:49:35","date_gmt":"2025-06-20T16:49:35","guid":{"rendered":"https:\/\/hablemosclarotdf.com.ar\/?p=41276"},"modified":"2025-06-20T13:49:35","modified_gmt":"2025-06-20T16:49:35","slug":"rio-grande-disfruta-el-fin-de-semana-largo-con-diferentes-actividades","status":"publish","type":"post","link":"https:\/\/hablemosclarotdf.com.ar\/?p=41276","title":{"rendered":"RIO GRANDE : DISFRUT\u00c1 EL FIN DE SEMANA LARGO CON DIFERENTES ACTIVIDADES"},"content":{"rendered":"<p>DISFRUT\u00c1 DE DIFERENTES RECITALES EN LA PANTALLA DEL \u201cPARQUE DE LOS 100 A\u00d1OS\u201d<\/p>\n<p>Este fin de semana, desde las 22 horas, en el Parque de los 100 A\u00f1os, los y las riograndenses podr\u00e1n disfrutar de un diverso repertorio musical, a trav\u00e9s de la pantalla. El viernes se proyectar\u00e1 Bersuit Vergarabat &#8211; \u201cEl baile en la luna\u201d; el s\u00e1bado ser\u00e1 el turno de Baglietto Vitale &#8211; \u201cAhora rock\u201d; mientras que el domingo se transmitir\u00e1 Queen &#8211; \u201cLive in Montreal 1981\u201d (Remasterizado). Quienes asistan en veh\u00edculo podr\u00e1n sintonizar el audio desde la radio en el dial 89.5.<\/p>\n<p>&#8220;RGA ALIMENTOS&#8221; EN EL PASEO CANTO DEL VIENTO<\/p>\n<p>El s\u00e1bado 21 de junio, el punto de venta (Fagnano 650) abre sus puertas al p\u00fablico de 10 a 20 horas. All\u00ed los y las riograndenses podr\u00e1n adquirir pescado fresco, huevos, alimentos de productores locales. pollos frescos y tomates agroecol\u00f3gicos de la marca local \u201cRGA Alimentos\u201d.<\/p>\n<p>LA JUEGOTECA AMBULANTE ESTAR\u00c1 EN EL CCM DEL B\u00b0 PER\u00d3N<\/p>\n<p>Este s\u00e1bado 21 de junio, de 15 a 17 horas, la \u201cJuegoteca Ambulante\u201d estar\u00e1 presente en el Centro Comunitario Municipal del barrio Per\u00f3n, el cual est\u00e1 ubicado en Pasaje Hugo del Carril 27. La jornada est\u00e1 destinada a familias que transiten la diversidad funcional.<\/p>\n<p>\u201cDEPORTE EN TU BARRIO\u201d<\/p>\n<p>Se trata de una propuesta para que las vecinas y vecinos de R\u00edo Grande disfruten de un s\u00e1bado a la tarde en la ciudad. Habr\u00e1 chocolatada, juegos inflables, toro mec\u00e1nico, juegos predeportivos y recreativos. La actividad es este s\u00e1bado 21, a partir de las 15 horas, en el Gimnasio Juan Manuel de Rosas (Pasaje Virgen Milagrosa 50).<\/p>\n<p>RECORR\u00c9 EL MUSEO MUNICIPAL VIRGINIA CHOQUINTEL<\/p>\n<p>Vecinas y vecinos podr\u00e1n recorrer el Museo este s\u00e1bado y domingo de 15 a 18 horas, en Alberdi 555. A trav\u00e9s de esta propuesta, sus visitantes podr\u00e1n aprender sobre los pueblos originarios; la Causa Malvinas; el \u00e1rea de ciencias naturales con la biodiversidad fueguina, los ambientes marinos y terrestres; el sector de historia con los principales sucesos hist\u00f3ricos de la ciudad y otros aspectos que hacen a nuestra identidad riograndense.<\/p>\n<p>\u201cCOLORES DE MI PATRIA\u201d EN EL PASEO<\/p>\n<p>Este s\u00e1bado 21 y domingo 22 de junio se llevar\u00e1 adelante una nueva feria tem\u00e1tica en el Paseo Canto del Viento (Fagnano 650), desde las 16 hasta las 20 horas. En el marco de una nueva fecha patria, la comunidad podr\u00e1 disfrutar de este espacio recreativo donde encontrar\u00e1n stands con productos, a precios accesibles, de emprendedores locales, artesanos, manualistas, gastronom\u00eda y la presentaci\u00f3n de artistas locales.<\/p>\n","protected":false},"excerpt":{"rendered":"<p>DISFRUT\u00c1 DE DIFERENTES RECITALES EN LA PANTALLA DEL \u201cPARQUE DE LOS 100 A\u00d1OS\u201d Este fin&#8230;<\/p>\n","protected":false},"author":1,"featured_media":41277,"comment_status":"closed","ping_status":"closed","sticky":false,"template":"","format":"standard","meta":{"footnotes":""},"categories":[3],"tags":[],"class_list":["post-41276","post","type-post","status-publish","format-standard","has-post-thumbnail","hentry","category-noticias"],"jetpack_featured_media_url":"https:\/\/hablemosclarotdf.com.ar\/wp-content\/uploads\/2025\/06\/photo_2025-06-20_13-48-49.jpg","_links":{"self":[{"href":"https:\/\/hablemosclarotdf.com.ar\/index.php?rest_route=\/wp\/v2\/posts\/41276","targetHints":{"allow":["GET"]}}],"collection":[{"href":"https:\/\/hablemosclarotdf.com.ar\/index.php?rest_route=\/wp\/v2\/posts"}],"about":[{"href":"https:\/\/hablemosclarotdf.com.ar\/index.php?rest_route=\/wp\/v2\/types\/post"}],"author":[{"embeddable":true,"href":"https:\/\/hablemosclarotdf.com.ar\/index.php?rest_route=\/wp\/v2\/users\/1"}],"replies":[{"embeddable":true,"href":"https:\/\/hablemosclarotdf.com.ar\/index.php?rest_route=%2Fwp%2Fv2%2Fcomments&post=41276"}],"version-history":[{"count":1,"href":"https:\/\/hablemosclarotdf.com.ar\/index.php?rest_route=\/wp\/v2\/posts\/41276\/revisions"}],"predecessor-version":[{"id":41278,"href":"https:\/\/hablemosclarotdf.com.ar\/index.php?rest_route=\/wp\/v2\/posts\/41276\/revisions\/41278"}],"wp:featuredmedia":[{"embeddable":true,"href":"https:\/\/hablemosclarotdf.com.ar\/index.php?rest_route=\/wp\/v2\/media\/41277"}],"wp:attachment":[{"href":"https:\/\/hablemosclarotdf.com.ar\/index.php?rest_route=%2Fwp%2Fv2%2Fmedia&parent=41276"}],"wp:term":[{"taxonomy":"category","embeddable":true,"href":"https:\/\/hablemosclarotdf.com.ar\/index.php?rest_route=%2Fwp%2Fv2%2Fcategories&post=41276"},{"taxonomy":"post_tag","embeddable":true,"href":"https:\/\/hablemosclarotdf.com.ar\/index.php?rest_route=%2Fwp%2Fv2%2Ftags&post=41276"}],"curies":[{"name":"wp","href":"https:\/\/api.w.org\/{rel}","templated":true}]}}