{"id":41250,"date":"2025-06-19T21:32:51","date_gmt":"2025-06-20T00:32:51","guid":{"rendered":"https:\/\/hablemosclarotdf.com.ar\/?p=41250"},"modified":"2025-06-19T21:32:51","modified_gmt":"2025-06-20T00:32:51","slug":"ushuaia-noche-mas-larga-se-realizara-un-encuentro-de-tenis-de-mesa-en-el-cepla-el-palomar","status":"publish","type":"post","link":"https:\/\/hablemosclarotdf.com.ar\/?p=41250","title":{"rendered":"USHUAIA : NOCHE M\u00c1S LARGA: SE REALIZAR\u00c1 UN ENCUENTRO DE TENIS DE MESA EN EL CEPLA-EL PALOMAR"},"content":{"rendered":"<p>En el marco de las actividades de la Fiesta Nacional de la Noche M\u00e1s Larga que lleva adelante la Municipalidad de Ushuaia, este s\u00e1bado 21 de junio se realizar\u00e1 el Encuentro de Tenis de Mesa-Noche M\u00e1s Larga organizado en forma articulada por la Secretar\u00eda de Pol\u00edticas Sociales, Sanitarias y Derechos Humanos del Municipio, el CePLA-El Palomar y la Secretar\u00eda de Pol\u00edticas Integrales sobre Drogas de la Naci\u00f3n Argentina (Sedronar).<br \/>\nSe desarrollar\u00e1 de 12.30 a 18 en las instalaciones del CePLA-El Palomar, ubicadas en Pablo Imboden 1140 de las 245 Viviendas.<br \/>\nLas inscripciones se realizan por medio del formulario online https:\/\/forms.gle\/Q2e6czkUAMqd7hdV8, y para mayor informaci\u00f3n los interesados pueden comunicarse al 2901-414032. Quienes se inscriban recibir\u00e1n una entrada para disfrutar del show de Dillom.<br \/>\nLas actividades deportivas y recreativas de la Noche M\u00e1s Larga buscan generar espacios de encuentro y participaci\u00f3n para personas de todas las edades.<\/p>\n<p>Google Docs (https:\/\/forms.gle\/Q2e6czkUAMqd7hdV8)<br \/>\nINSCRIPCI\u00d3N &#8211; ENCUENTRO TDM \ud83c\udfd3 NOCHE MAS LARGA<br \/>\n\ud83e\udd29 Estamos organizando un nuevo encuentro de tenis de mesa por la noche mas larga. Completa este formulario para inscribirte \u00a1Te esperamos!<\/p>\n<p>Importante: con la participacion te ganas una entrada para ver a DILLOM\u26a1\ufe0f<\/p>\n<p>\ud83d\udccdLugar: CePLA &#8220;El Palomar&#8221; &#8211; Pablo Imboden 1140 &#8211; 245 Viviendas<br \/>\n\ud83d\udcc6 Fecha: S\u00e1bado 21 JUNIO<br \/>\n\ud83d\udd50 Horario: 12 a 18 hs.<\/p>\n","protected":false},"excerpt":{"rendered":"<p>En el marco de las actividades de la Fiesta Nacional de la Noche M\u00e1s Larga&#8230;<\/p>\n","protected":false},"author":1,"featured_media":41251,"comment_status":"closed","ping_status":"closed","sticky":false,"template":"","format":"standard","meta":{"footnotes":""},"categories":[3],"tags":[],"class_list":["post-41250","post","type-post","status-publish","format-standard","has-post-thumbnail","hentry","category-noticias"],"jetpack_featured_media_url":"https:\/\/hablemosclarotdf.com.ar\/wp-content\/uploads\/2025\/06\/photo_2025-06-19_21-32-13.jpg","_links":{"self":[{"href":"https:\/\/hablemosclarotdf.com.ar\/index.php?rest_route=\/wp\/v2\/posts\/41250","targetHints":{"allow":["GET"]}}],"collection":[{"href":"https:\/\/hablemosclarotdf.com.ar\/index.php?rest_route=\/wp\/v2\/posts"}],"about":[{"href":"https:\/\/hablemosclarotdf.com.ar\/index.php?rest_route=\/wp\/v2\/types\/post"}],"author":[{"embeddable":true,"href":"https:\/\/hablemosclarotdf.com.ar\/index.php?rest_route=\/wp\/v2\/users\/1"}],"replies":[{"embeddable":true,"href":"https:\/\/hablemosclarotdf.com.ar\/index.php?rest_route=%2Fwp%2Fv2%2Fcomments&post=41250"}],"version-history":[{"count":1,"href":"https:\/\/hablemosclarotdf.com.ar\/index.php?rest_route=\/wp\/v2\/posts\/41250\/revisions"}],"predecessor-version":[{"id":41252,"href":"https:\/\/hablemosclarotdf.com.ar\/index.php?rest_route=\/wp\/v2\/posts\/41250\/revisions\/41252"}],"wp:featuredmedia":[{"embeddable":true,"href":"https:\/\/hablemosclarotdf.com.ar\/index.php?rest_route=\/wp\/v2\/media\/41251"}],"wp:attachment":[{"href":"https:\/\/hablemosclarotdf.com.ar\/index.php?rest_route=%2Fwp%2Fv2%2Fmedia&parent=41250"}],"wp:term":[{"taxonomy":"category","embeddable":true,"href":"https:\/\/hablemosclarotdf.com.ar\/index.php?rest_route=%2Fwp%2Fv2%2Fcategories&post=41250"},{"taxonomy":"post_tag","embeddable":true,"href":"https:\/\/hablemosclarotdf.com.ar\/index.php?rest_route=%2Fwp%2Fv2%2Ftags&post=41250"}],"curies":[{"name":"wp","href":"https:\/\/api.w.org\/{rel}","templated":true}]}}