{"id":41237,"date":"2025-06-19T17:33:04","date_gmt":"2025-06-19T20:33:04","guid":{"rendered":"https:\/\/hablemosclarotdf.com.ar\/?p=41237"},"modified":"2025-06-19T17:33:04","modified_gmt":"2025-06-19T20:33:04","slug":"rio-grande-ultimos-dias-para-inscribirse-al-pre-festival-en-la-patagonia","status":"publish","type":"post","link":"https:\/\/hablemosclarotdf.com.ar\/?p=41237","title":{"rendered":"RIO GRANDE : \u00daLTIMOS D\u00cdAS PARA INSCRIBIRSE AL PRE FESTIVAL EN LA PATAGONIA"},"content":{"rendered":"<p>La participaci\u00f3n en este evento es posible gracias al acuerdo firmado entre el intendente Mart\u00edn Perez y el alcalde de Punta Arenas, Claudio Radonich, quienes trabajan permanentemente para consolidar la cooperaci\u00f3n entre ambas ciudades.<\/p>\n<p>El plazo de inscripci\u00f3n se extiende hasta el 24 de junio, inclusive. Para conocer las bases, condiciones y anotarse para participar del Pre-festival, quienes est\u00e9n interesados deben ingresar a: https:\/\/cultura.riogrande.gob.ar.<\/p>\n<p>Por 3\u00b0 a\u00f1o consecutivo, nuestra ciudad ser\u00e1 sede del Pre-festival que se desarrollar\u00e1 este 28 de junio a las 20 horas, en la Casa de la Cultura. El artista ganador representar\u00e1 a R\u00edo Grande en el Festival Mayor, el cual se realizar\u00e1 en agosto, en Chile.<\/p>\n<p>Las y los artistas competir\u00e1n por un 1\u00b0 premio de 6 millones de pesos chilenos, un 2\u00b0 premio de 4 millones de pesos chilenos y a mejor int\u00e9rprete por 2 millones de pesos chilenos. Se destaca que los gastos de estad\u00eda, alojamiento y traslados internos de quienes representen a nuestra ciudad estar\u00e1n cubiertos.<\/p>\n","protected":false},"excerpt":{"rendered":"<p>La participaci\u00f3n en este evento es posible gracias al acuerdo firmado entre el intendente Mart\u00edn&#8230;<\/p>\n","protected":false},"author":1,"featured_media":41238,"comment_status":"closed","ping_status":"closed","sticky":false,"template":"","format":"standard","meta":{"footnotes":""},"categories":[3],"tags":[],"class_list":["post-41237","post","type-post","status-publish","format-standard","has-post-thumbnail","hentry","category-noticias"],"jetpack_featured_media_url":"https:\/\/hablemosclarotdf.com.ar\/wp-content\/uploads\/2025\/06\/photo_2025-06-19_17-32-32.jpg","_links":{"self":[{"href":"https:\/\/hablemosclarotdf.com.ar\/index.php?rest_route=\/wp\/v2\/posts\/41237","targetHints":{"allow":["GET"]}}],"collection":[{"href":"https:\/\/hablemosclarotdf.com.ar\/index.php?rest_route=\/wp\/v2\/posts"}],"about":[{"href":"https:\/\/hablemosclarotdf.com.ar\/index.php?rest_route=\/wp\/v2\/types\/post"}],"author":[{"embeddable":true,"href":"https:\/\/hablemosclarotdf.com.ar\/index.php?rest_route=\/wp\/v2\/users\/1"}],"replies":[{"embeddable":true,"href":"https:\/\/hablemosclarotdf.com.ar\/index.php?rest_route=%2Fwp%2Fv2%2Fcomments&post=41237"}],"version-history":[{"count":1,"href":"https:\/\/hablemosclarotdf.com.ar\/index.php?rest_route=\/wp\/v2\/posts\/41237\/revisions"}],"predecessor-version":[{"id":41239,"href":"https:\/\/hablemosclarotdf.com.ar\/index.php?rest_route=\/wp\/v2\/posts\/41237\/revisions\/41239"}],"wp:featuredmedia":[{"embeddable":true,"href":"https:\/\/hablemosclarotdf.com.ar\/index.php?rest_route=\/wp\/v2\/media\/41238"}],"wp:attachment":[{"href":"https:\/\/hablemosclarotdf.com.ar\/index.php?rest_route=%2Fwp%2Fv2%2Fmedia&parent=41237"}],"wp:term":[{"taxonomy":"category","embeddable":true,"href":"https:\/\/hablemosclarotdf.com.ar\/index.php?rest_route=%2Fwp%2Fv2%2Fcategories&post=41237"},{"taxonomy":"post_tag","embeddable":true,"href":"https:\/\/hablemosclarotdf.com.ar\/index.php?rest_route=%2Fwp%2Fv2%2Ftags&post=41237"}],"curies":[{"name":"wp","href":"https:\/\/api.w.org\/{rel}","templated":true}]}}