{"id":41210,"date":"2025-06-19T10:52:59","date_gmt":"2025-06-19T13:52:59","guid":{"rendered":"https:\/\/hablemosclarotdf.com.ar\/?p=41210"},"modified":"2025-06-19T10:52:59","modified_gmt":"2025-06-19T13:52:59","slug":"dia-de-la-bandera-gobierno-invita-a-todos-los-fueguinos-a-ser-parte-del-izamiento-provincial","status":"publish","type":"post","link":"https:\/\/hablemosclarotdf.com.ar\/?p=41210","title":{"rendered":"D\u00cdA DE LA BANDERA: GOBIERNO INVITA A TODOS LOS FUEGUINOS A SER PARTE DEL IZAMIENTO PROVINCIAL"},"content":{"rendered":"<p>La acci\u00f3n conmemorativa por el \u201cD\u00eda de la Bandera\u201d, en homenaje al General Manuel Belgrano al cumplirse el 205\u00b0 Aniversario de su fallecimiento, ser\u00e1 mediante el izamiento del pabell\u00f3n nacional en simultaneo en Ushuaia; Tolhuin y R\u00edo Grande.<\/p>\n<p>La ceremonia se llevar\u00e1 a cabo el d\u00eda viernes 20 de junio a las 10 horas en distintos puntos de la provincia, donde se proceder\u00e1 al izado de la Bandera Nacional Argentina en se\u00f1al de unidad y compromiso con los valores patrios.<\/p>\n<p>En Tolhuin se llevar\u00e1 a cabo en la Delegaci\u00f3n de Gobierno (Santiago Rupatini 285); en R\u00edo Grande, se concretar\u00e1 en la Escuela N\u00ba 10 &#8220;General Manuel Belgrano&#8221; \u2013 Ant\u00e1rtida Argentina 950 y en la Casa del Deporte \u2013 Nuestra Se\u00f1ora de Itat\u00ed y Las Azucenas, mientras que en Ushuaia se har\u00e1 lo propio en Casa de Gobierno (en los m\u00e1stiles de calle Roca).<\/p>\n<p>Desde el Gobierno de la Provincia se invita a todos los fueguinos a que se acerquen con su bandera nacional o acompa\u00f1ar esta emotiva ceremonia, entendiendo que la bandera argentina es el s\u00edmbolo patrio m\u00e1s antiguo que tenemos y fue izada por primera vez en 1812 a orillas del R\u00edo Paran\u00e1 durante la gesta por la independencia de las Provincias Unidas del R\u00edo de la Plata.<\/p>\n","protected":false},"excerpt":{"rendered":"<p>La acci\u00f3n conmemorativa por el \u201cD\u00eda de la Bandera\u201d, en homenaje al General Manuel Belgrano&#8230;<\/p>\n","protected":false},"author":1,"featured_media":41211,"comment_status":"closed","ping_status":"closed","sticky":false,"template":"","format":"standard","meta":{"footnotes":""},"categories":[3],"tags":[],"class_list":["post-41210","post","type-post","status-publish","format-standard","has-post-thumbnail","hentry","category-noticias"],"jetpack_featured_media_url":"https:\/\/hablemosclarotdf.com.ar\/wp-content\/uploads\/2025\/06\/photo_2025-06-19_10-52-31.jpg","_links":{"self":[{"href":"https:\/\/hablemosclarotdf.com.ar\/index.php?rest_route=\/wp\/v2\/posts\/41210","targetHints":{"allow":["GET"]}}],"collection":[{"href":"https:\/\/hablemosclarotdf.com.ar\/index.php?rest_route=\/wp\/v2\/posts"}],"about":[{"href":"https:\/\/hablemosclarotdf.com.ar\/index.php?rest_route=\/wp\/v2\/types\/post"}],"author":[{"embeddable":true,"href":"https:\/\/hablemosclarotdf.com.ar\/index.php?rest_route=\/wp\/v2\/users\/1"}],"replies":[{"embeddable":true,"href":"https:\/\/hablemosclarotdf.com.ar\/index.php?rest_route=%2Fwp%2Fv2%2Fcomments&post=41210"}],"version-history":[{"count":1,"href":"https:\/\/hablemosclarotdf.com.ar\/index.php?rest_route=\/wp\/v2\/posts\/41210\/revisions"}],"predecessor-version":[{"id":41212,"href":"https:\/\/hablemosclarotdf.com.ar\/index.php?rest_route=\/wp\/v2\/posts\/41210\/revisions\/41212"}],"wp:featuredmedia":[{"embeddable":true,"href":"https:\/\/hablemosclarotdf.com.ar\/index.php?rest_route=\/wp\/v2\/media\/41211"}],"wp:attachment":[{"href":"https:\/\/hablemosclarotdf.com.ar\/index.php?rest_route=%2Fwp%2Fv2%2Fmedia&parent=41210"}],"wp:term":[{"taxonomy":"category","embeddable":true,"href":"https:\/\/hablemosclarotdf.com.ar\/index.php?rest_route=%2Fwp%2Fv2%2Fcategories&post=41210"},{"taxonomy":"post_tag","embeddable":true,"href":"https:\/\/hablemosclarotdf.com.ar\/index.php?rest_route=%2Fwp%2Fv2%2Ftags&post=41210"}],"curies":[{"name":"wp","href":"https:\/\/api.w.org\/{rel}","templated":true}]}}