{"id":41201,"date":"2025-06-19T10:51:25","date_gmt":"2025-06-19T13:51:25","guid":{"rendered":"https:\/\/hablemosclarotdf.com.ar\/?p=41201"},"modified":"2025-06-19T10:51:25","modified_gmt":"2025-06-19T13:51:25","slug":"ampliacion-de-la-matriz-productiva-se-concreto-la-exportacion-de-centollon-elaborado","status":"publish","type":"post","link":"https:\/\/hablemosclarotdf.com.ar\/?p=41201","title":{"rendered":"AMPLIACI\u00d3N DE LA MATRIZ PRODUCTIVA: SE CONCRET\u00d3 LA EXPORTACI\u00d3N DE CENTOLL\u00d3N ELABORADO"},"content":{"rendered":"<p>La operatoria fue realizada por la empresa Crust\u00e1ceos Tierra del Fuego (CTF), quien enviar\u00e1 el cargamento v\u00eda a\u00e9rea a su planta ubicada en la ciudad de Buenos Aires.<\/p>\n<p>La iniciativa forma parte del Plan de Desarrollo Acu\u00edcola de Tierra del Fuego que lleva adelante la Provincia y que cuenta con el acompa\u00f1amiento y asistencia del Consejo Federal de Inversiones.<\/p>\n<p>La ministra de Producci\u00f3n y Ambiente, Karina Fern\u00e1ndez, junto al subsecretario de Coordinaci\u00f3n Pesquera y Acu\u00edcola, Diego Marzioni y el actual asesor del CFI, Guillermo Abdala, recorrieron la Planta donde pudieron observar el procesamiento de mejillones y crust\u00e1ceos que all\u00ed tambi\u00e9n se realiza.<\/p>\n<p>\u201cEste paso representa un avance significativo en la consolidaci\u00f3n de una industria pesquera m\u00e1s diversificada y sostenible para nuestra provincia\u201d sostuvo Fern\u00e1ndez.<\/p>\n<p>\u201cA nivel econ\u00f3mico simboliza la apertura de un nuevo canal de comercializaci\u00f3n, con la posibilidad de abastecer el mercado interno y acceder a exportaciones, con la posibilidad de fortalecer la posici\u00f3n de Tierra del Fuego en el sector de productos marinos de alto valor\u201d, detall\u00f3.<\/p>\n<p>Paralelamente destac\u00f3 la instalaci\u00f3n y operaci\u00f3n de la Planta, \u201cla cual genera empleo directo, actualmente con un total de entre 15 a 20 personas, e indirecto, contribuyendo al desarrollo local y promoviendo una visi\u00f3n integral, donde la transformaci\u00f3n de recursos naturales beneficia directamente a las comunidades\u201d.<\/p>\n<p>Por su parte el subsecretario Marzioni record\u00f3 que el proyecto productivo integral con CFT aprobado por el Gobierno en el a\u00f1o 2023 \u201cbusca ampliar la matriz productiva de nuestra provincia y promover el desarrollo sostenible de la industria pesquera, explorando nuevas oportunidades econ\u00f3micas\u201d.<\/p>\n<p>Asimismo cont\u00f3 que la iniciativa \u201cse vincula de manera directa con la pesca artesanal de crust\u00e1ceos y el acuerdo firmado con los pescadores en el a\u00f1o 2023, donde la Planta de Procesamiento, dise\u00f1ada para recibir productos de pescadores artesanales, les permite procesar sus capturas bajo est\u00e1ndares de calidad y comercializaci\u00f3n\u201d.<\/p>\n<p>\u201cEste proyecto con la empresa sirve como referencia para futuras iniciativas de procesamiento pesquero, incentivando modelos de transformaci\u00f3n de recursos naturales que equilibren desarrollo econ\u00f3mico y sostenibilidad\u201d finaliz\u00f3.<\/p>\n<p><img loading=\"lazy\" decoding=\"async\" class=\"alignnone size-medium wp-image-41203\" src=\"https:\/\/hablemosclarotdf.com.ar\/wp-content\/uploads\/2025\/06\/photo_2025-06-19_10-50-02-300x200.jpg\" alt=\"\" width=\"300\" height=\"200\" srcset=\"https:\/\/hablemosclarotdf.com.ar\/wp-content\/uploads\/2025\/06\/photo_2025-06-19_10-50-02-300x200.jpg 300w, https:\/\/hablemosclarotdf.com.ar\/wp-content\/uploads\/2025\/06\/photo_2025-06-19_10-50-02-1024x682.jpg 1024w, https:\/\/hablemosclarotdf.com.ar\/wp-content\/uploads\/2025\/06\/photo_2025-06-19_10-50-02-768x512.jpg 768w, https:\/\/hablemosclarotdf.com.ar\/wp-content\/uploads\/2025\/06\/photo_2025-06-19_10-50-02.jpg 1280w\" sizes=\"auto, (max-width: 300px) 100vw, 300px\" \/> <img loading=\"lazy\" decoding=\"async\" class=\"alignnone size-medium wp-image-41204\" src=\"https:\/\/hablemosclarotdf.com.ar\/wp-content\/uploads\/2025\/06\/photo_2025-06-19_10-50-05-300x200.jpg\" alt=\"\" width=\"300\" height=\"200\" srcset=\"https:\/\/hablemosclarotdf.com.ar\/wp-content\/uploads\/2025\/06\/photo_2025-06-19_10-50-05-300x200.jpg 300w, https:\/\/hablemosclarotdf.com.ar\/wp-content\/uploads\/2025\/06\/photo_2025-06-19_10-50-05-1024x683.jpg 1024w, https:\/\/hablemosclarotdf.com.ar\/wp-content\/uploads\/2025\/06\/photo_2025-06-19_10-50-05-768x512.jpg 768w, https:\/\/hablemosclarotdf.com.ar\/wp-content\/uploads\/2025\/06\/photo_2025-06-19_10-50-05.jpg 1280w\" sizes=\"auto, (max-width: 300px) 100vw, 300px\" \/> <img loading=\"lazy\" decoding=\"async\" class=\"alignnone size-medium wp-image-41205\" src=\"https:\/\/hablemosclarotdf.com.ar\/wp-content\/uploads\/2025\/06\/photo_2025-06-19_10-50-08-300x200.jpg\" alt=\"\" width=\"300\" height=\"200\" srcset=\"https:\/\/hablemosclarotdf.com.ar\/wp-content\/uploads\/2025\/06\/photo_2025-06-19_10-50-08-300x200.jpg 300w, https:\/\/hablemosclarotdf.com.ar\/wp-content\/uploads\/2025\/06\/photo_2025-06-19_10-50-08-1024x682.jpg 1024w, https:\/\/hablemosclarotdf.com.ar\/wp-content\/uploads\/2025\/06\/photo_2025-06-19_10-50-08-768x512.jpg 768w, https:\/\/hablemosclarotdf.com.ar\/wp-content\/uploads\/2025\/06\/photo_2025-06-19_10-50-08.jpg 1280w\" sizes=\"auto, (max-width: 300px) 100vw, 300px\" \/> <img loading=\"lazy\" decoding=\"async\" class=\"alignnone size-medium wp-image-41206\" src=\"https:\/\/hablemosclarotdf.com.ar\/wp-content\/uploads\/2025\/06\/photo_2025-06-19_10-50-11-300x200.jpg\" alt=\"\" width=\"300\" height=\"200\" srcset=\"https:\/\/hablemosclarotdf.com.ar\/wp-content\/uploads\/2025\/06\/photo_2025-06-19_10-50-11-300x200.jpg 300w, https:\/\/hablemosclarotdf.com.ar\/wp-content\/uploads\/2025\/06\/photo_2025-06-19_10-50-11-1024x682.jpg 1024w, https:\/\/hablemosclarotdf.com.ar\/wp-content\/uploads\/2025\/06\/photo_2025-06-19_10-50-11-768x512.jpg 768w, https:\/\/hablemosclarotdf.com.ar\/wp-content\/uploads\/2025\/06\/photo_2025-06-19_10-50-11.jpg 1280w\" sizes=\"auto, (max-width: 300px) 100vw, 300px\" \/> <img loading=\"lazy\" decoding=\"async\" class=\"alignnone size-medium wp-image-41207\" src=\"https:\/\/hablemosclarotdf.com.ar\/wp-content\/uploads\/2025\/06\/photo_2025-06-19_10-50-15-300x200.jpg\" alt=\"\" width=\"300\" height=\"200\" srcset=\"https:\/\/hablemosclarotdf.com.ar\/wp-content\/uploads\/2025\/06\/photo_2025-06-19_10-50-15-300x200.jpg 300w, https:\/\/hablemosclarotdf.com.ar\/wp-content\/uploads\/2025\/06\/photo_2025-06-19_10-50-15-1024x683.jpg 1024w, https:\/\/hablemosclarotdf.com.ar\/wp-content\/uploads\/2025\/06\/photo_2025-06-19_10-50-15-768x512.jpg 768w, https:\/\/hablemosclarotdf.com.ar\/wp-content\/uploads\/2025\/06\/photo_2025-06-19_10-50-15.jpg 1280w\" sizes=\"auto, (max-width: 300px) 100vw, 300px\" \/> <img loading=\"lazy\" decoding=\"async\" class=\"alignnone size-medium wp-image-41208\" src=\"https:\/\/hablemosclarotdf.com.ar\/wp-content\/uploads\/2025\/06\/photo_2025-06-19_10-50-18-300x200.jpg\" alt=\"\" width=\"300\" height=\"200\" srcset=\"https:\/\/hablemosclarotdf.com.ar\/wp-content\/uploads\/2025\/06\/photo_2025-06-19_10-50-18-300x200.jpg 300w, https:\/\/hablemosclarotdf.com.ar\/wp-content\/uploads\/2025\/06\/photo_2025-06-19_10-50-18-1024x682.jpg 1024w, https:\/\/hablemosclarotdf.com.ar\/wp-content\/uploads\/2025\/06\/photo_2025-06-19_10-50-18-768x511.jpg 768w, https:\/\/hablemosclarotdf.com.ar\/wp-content\/uploads\/2025\/06\/photo_2025-06-19_10-50-18.jpg 1280w\" sizes=\"auto, (max-width: 300px) 100vw, 300px\" \/><\/p>\n","protected":false},"excerpt":{"rendered":"<p>La operatoria fue realizada por la empresa Crust\u00e1ceos Tierra del Fuego (CTF), quien enviar\u00e1 el&#8230;<\/p>\n","protected":false},"author":1,"featured_media":41202,"comment_status":"closed","ping_status":"closed","sticky":false,"template":"","format":"standard","meta":{"footnotes":""},"categories":[3],"tags":[],"class_list":["post-41201","post","type-post","status-publish","format-standard","has-post-thumbnail","hentry","category-noticias"],"jetpack_featured_media_url":"https:\/\/hablemosclarotdf.com.ar\/wp-content\/uploads\/2025\/06\/photo_2025-06-19_10-49-53.jpg","_links":{"self":[{"href":"https:\/\/hablemosclarotdf.com.ar\/index.php?rest_route=\/wp\/v2\/posts\/41201","targetHints":{"allow":["GET"]}}],"collection":[{"href":"https:\/\/hablemosclarotdf.com.ar\/index.php?rest_route=\/wp\/v2\/posts"}],"about":[{"href":"https:\/\/hablemosclarotdf.com.ar\/index.php?rest_route=\/wp\/v2\/types\/post"}],"author":[{"embeddable":true,"href":"https:\/\/hablemosclarotdf.com.ar\/index.php?rest_route=\/wp\/v2\/users\/1"}],"replies":[{"embeddable":true,"href":"https:\/\/hablemosclarotdf.com.ar\/index.php?rest_route=%2Fwp%2Fv2%2Fcomments&post=41201"}],"version-history":[{"count":1,"href":"https:\/\/hablemosclarotdf.com.ar\/index.php?rest_route=\/wp\/v2\/posts\/41201\/revisions"}],"predecessor-version":[{"id":41209,"href":"https:\/\/hablemosclarotdf.com.ar\/index.php?rest_route=\/wp\/v2\/posts\/41201\/revisions\/41209"}],"wp:featuredmedia":[{"embeddable":true,"href":"https:\/\/hablemosclarotdf.com.ar\/index.php?rest_route=\/wp\/v2\/media\/41202"}],"wp:attachment":[{"href":"https:\/\/hablemosclarotdf.com.ar\/index.php?rest_route=%2Fwp%2Fv2%2Fmedia&parent=41201"}],"wp:term":[{"taxonomy":"category","embeddable":true,"href":"https:\/\/hablemosclarotdf.com.ar\/index.php?rest_route=%2Fwp%2Fv2%2Fcategories&post=41201"},{"taxonomy":"post_tag","embeddable":true,"href":"https:\/\/hablemosclarotdf.com.ar\/index.php?rest_route=%2Fwp%2Fv2%2Ftags&post=41201"}],"curies":[{"name":"wp","href":"https:\/\/api.w.org\/{rel}","templated":true}]}}