{"id":41049,"date":"2025-06-17T19:40:35","date_gmt":"2025-06-17T22:40:35","guid":{"rendered":"https:\/\/hablemosclarotdf.com.ar\/?p=41049"},"modified":"2025-06-17T19:40:35","modified_gmt":"2025-06-17T22:40:35","slug":"gobierno-participo-del-acto-en-conmemoracion-del-dia-del-petroleo-y-gas-fueguino","status":"publish","type":"post","link":"https:\/\/hablemosclarotdf.com.ar\/?p=41049","title":{"rendered":"GOBIERNO PARTICIP\u00d3 DEL ACTO EN CONMEMORACI\u00d3N DEL D\u00cdA DEL PETR\u00d3LEO Y GAS FUEGUINO"},"content":{"rendered":"<p>La Ministra de Obras y Servicios P\u00fablicos particip\u00f3 este martes del acto en conmemoraci\u00f3n del D\u00eda del Petr\u00f3leo y Gas Fueguino. Estuvo acompa\u00f1ada de funcionarios y funcionarias del Gobierno Provincial.<\/p>\n<p>El 17 de junio se celebra el descubrimiento del primer pozo de hidrocarburos, petr\u00f3leo y gas en la provincia de Tierra del Fuego AIAS ocurrido el 17 de junio de 1949.<\/p>\n<p>Mediante Ley Provincial la Legislatura estableci\u00f3 que el D\u00eda del Petr\u00f3leo y Gas Fueguino forma parte del calendario oficial de conmemoraciones de la provincia por la enorme importancia hist\u00f3rica de este acontecimiento para Tierra del Fuego. Asimismo rinde homenaje a los pioneros esta actividad.<\/p>\n<p>El Gobierno Provincial contin\u00faa fortaleciendo la actividad hidrocarbur\u00edfera como uno de los pilares fundamentales de la econom\u00eda y producci\u00f3n fueguina, trabajando para ampliar la matriz productiva y otorgar valor agregado al petr\u00f3leo y gas, recursos que pertenecen a todo el pueblo de Tierra del Fuego.<\/p>\n<p><img loading=\"lazy\" decoding=\"async\" class=\"alignnone size-medium wp-image-41051\" src=\"https:\/\/hablemosclarotdf.com.ar\/wp-content\/uploads\/2025\/06\/photo_2025-06-17_19-38-32-300x200.jpg\" alt=\"\" width=\"300\" height=\"200\" srcset=\"https:\/\/hablemosclarotdf.com.ar\/wp-content\/uploads\/2025\/06\/photo_2025-06-17_19-38-32-300x200.jpg 300w, https:\/\/hablemosclarotdf.com.ar\/wp-content\/uploads\/2025\/06\/photo_2025-06-17_19-38-32-1024x682.jpg 1024w, https:\/\/hablemosclarotdf.com.ar\/wp-content\/uploads\/2025\/06\/photo_2025-06-17_19-38-32-768x511.jpg 768w, https:\/\/hablemosclarotdf.com.ar\/wp-content\/uploads\/2025\/06\/photo_2025-06-17_19-38-32.jpg 1280w\" sizes=\"auto, (max-width: 300px) 100vw, 300px\" \/> <img loading=\"lazy\" decoding=\"async\" class=\"alignnone size-medium wp-image-41052\" src=\"https:\/\/hablemosclarotdf.com.ar\/wp-content\/uploads\/2025\/06\/photo_2025-06-17_19-38-36-300x200.jpg\" alt=\"\" width=\"300\" height=\"200\" srcset=\"https:\/\/hablemosclarotdf.com.ar\/wp-content\/uploads\/2025\/06\/photo_2025-06-17_19-38-36-300x200.jpg 300w, https:\/\/hablemosclarotdf.com.ar\/wp-content\/uploads\/2025\/06\/photo_2025-06-17_19-38-36-1024x682.jpg 1024w, https:\/\/hablemosclarotdf.com.ar\/wp-content\/uploads\/2025\/06\/photo_2025-06-17_19-38-36-768x511.jpg 768w, https:\/\/hablemosclarotdf.com.ar\/wp-content\/uploads\/2025\/06\/photo_2025-06-17_19-38-36.jpg 1280w\" sizes=\"auto, (max-width: 300px) 100vw, 300px\" \/><\/p>\n","protected":false},"excerpt":{"rendered":"<p>La Ministra de Obras y Servicios P\u00fablicos particip\u00f3 este martes del acto en conmemoraci\u00f3n del&#8230;<\/p>\n","protected":false},"author":1,"featured_media":41050,"comment_status":"closed","ping_status":"closed","sticky":false,"template":"","format":"standard","meta":{"footnotes":""},"categories":[3],"tags":[],"class_list":["post-41049","post","type-post","status-publish","format-standard","has-post-thumbnail","hentry","category-noticias"],"jetpack_featured_media_url":"https:\/\/hablemosclarotdf.com.ar\/wp-content\/uploads\/2025\/06\/photo_2025-06-17_19-38-24.jpg","_links":{"self":[{"href":"https:\/\/hablemosclarotdf.com.ar\/index.php?rest_route=\/wp\/v2\/posts\/41049","targetHints":{"allow":["GET"]}}],"collection":[{"href":"https:\/\/hablemosclarotdf.com.ar\/index.php?rest_route=\/wp\/v2\/posts"}],"about":[{"href":"https:\/\/hablemosclarotdf.com.ar\/index.php?rest_route=\/wp\/v2\/types\/post"}],"author":[{"embeddable":true,"href":"https:\/\/hablemosclarotdf.com.ar\/index.php?rest_route=\/wp\/v2\/users\/1"}],"replies":[{"embeddable":true,"href":"https:\/\/hablemosclarotdf.com.ar\/index.php?rest_route=%2Fwp%2Fv2%2Fcomments&post=41049"}],"version-history":[{"count":1,"href":"https:\/\/hablemosclarotdf.com.ar\/index.php?rest_route=\/wp\/v2\/posts\/41049\/revisions"}],"predecessor-version":[{"id":41053,"href":"https:\/\/hablemosclarotdf.com.ar\/index.php?rest_route=\/wp\/v2\/posts\/41049\/revisions\/41053"}],"wp:featuredmedia":[{"embeddable":true,"href":"https:\/\/hablemosclarotdf.com.ar\/index.php?rest_route=\/wp\/v2\/media\/41050"}],"wp:attachment":[{"href":"https:\/\/hablemosclarotdf.com.ar\/index.php?rest_route=%2Fwp%2Fv2%2Fmedia&parent=41049"}],"wp:term":[{"taxonomy":"category","embeddable":true,"href":"https:\/\/hablemosclarotdf.com.ar\/index.php?rest_route=%2Fwp%2Fv2%2Fcategories&post=41049"},{"taxonomy":"post_tag","embeddable":true,"href":"https:\/\/hablemosclarotdf.com.ar\/index.php?rest_route=%2Fwp%2Fv2%2Ftags&post=41049"}],"curies":[{"name":"wp","href":"https:\/\/api.w.org\/{rel}","templated":true}]}}