{"id":41044,"date":"2025-06-17T18:20:09","date_gmt":"2025-06-17T21:20:09","guid":{"rendered":"https:\/\/hablemosclarotdf.com.ar\/?p=41044"},"modified":"2025-06-17T18:20:09","modified_gmt":"2025-06-17T21:20:09","slug":"gobierno-acompana-al-futsal-fueguino-en-el-primer-torneo-regional-federal-amateur","status":"publish","type":"post","link":"https:\/\/hablemosclarotdf.com.ar\/?p=41044","title":{"rendered":"GOBIERNO ACOMPA\u00d1A AL FUTSAL FUEGUINO EN EL PRIMER TORNEO REGIONAL FEDERAL AMATEUR"},"content":{"rendered":"<p>El Gobierno de la Provincia reafirma su fuerte compromiso con el deporte fueguino al brindar un apoyo crucial a los clubes de futsal ADEFU, Camioneros y San Isidro. Los clubes partieron este domingo rumbo a la provincia de San Juan, donde representar\u00e1n a la provincia, junto a Mercantil, en la primera edici\u00f3n del Torneo Regional Federal Amateur Masculino Zona Campeonato de Futsal AFA.<\/p>\n<p>El certamen, organizado por el Consejo Federal de la Asociaci\u00f3n del F\u00fatbol Argentino (AFA), se disputar\u00e1 del 18 al 25 de junio en el emblem\u00e1tico Estadio Aldo Cantoni de San Juan. El apoyo del Gobierno provincial se materializa a trav\u00e9s del traslado de la mayor\u00eda de los jugadores de los tres planteles en dos colectivos, permitiendo a las delegaciones fueguinas afrontar el extenso viaje hacia la sede del torneo.<\/p>\n<p>Esta iniciativa del Gobierno provincial no solo alivia la carga log\u00edstica y econ\u00f3mica de los clubes, sino que tambi\u00e9n subraya el valor del deporte como herramienta de desarrollo y representaci\u00f3n provincial a nivel nacional.<\/p>\n<p>Este evento es de suma importancia para el futsal de la provincia, ya que el equipo campe\u00f3n obtendr\u00e1 el derecho a disputar una plaza para la prestigiosa Copa Libertadores 2026 de Futsal ante el campe\u00f3n bonaerense. Adem\u00e1s, los equipos que finalicen en el segundo y tercer puesto en San Juan, jugar\u00e1n un Final Four de la Copa Argentina junto a los finalistas de AFA, sumando otra instancia de relevancia para el futsal de la Rep\u00fablica Argentina.<\/p>\n<p>La presencia de ADEFU, Camioneros y San Isidro en este torneo de \u00e9lite es un reflejo del crecimiento y la calidad del futsal en Tierra del Fuego. El debut en San Juan ser\u00e1 este mi\u00e9rcoles, desde las 11 horas, con el partido entre ADEFU y Regatas de Rosario.<\/p>\n<p>Los grupos del torneo quedaron conformados de la siguiente manera:<\/p>\n<p>Zona A: Alianza, Mercantil, Sionista, San Isidro<br \/>\nZona B: Camioneros, Alborada, Echesortu, Jockey Club<br \/>\nZona C: Huarpes, ADEFU, Regatas, Opci\u00f3n Joven<\/p>\n<p><img loading=\"lazy\" decoding=\"async\" class=\"alignnone size-medium wp-image-41046\" src=\"https:\/\/hablemosclarotdf.com.ar\/wp-content\/uploads\/2025\/06\/photo_2025-06-17_18-19-01-300x200.jpg\" alt=\"\" width=\"300\" height=\"200\" srcset=\"https:\/\/hablemosclarotdf.com.ar\/wp-content\/uploads\/2025\/06\/photo_2025-06-17_18-19-01-300x200.jpg 300w, https:\/\/hablemosclarotdf.com.ar\/wp-content\/uploads\/2025\/06\/photo_2025-06-17_18-19-01-1024x682.jpg 1024w, https:\/\/hablemosclarotdf.com.ar\/wp-content\/uploads\/2025\/06\/photo_2025-06-17_18-19-01-768x512.jpg 768w, https:\/\/hablemosclarotdf.com.ar\/wp-content\/uploads\/2025\/06\/photo_2025-06-17_18-19-01.jpg 1280w\" sizes=\"auto, (max-width: 300px) 100vw, 300px\" \/> <img loading=\"lazy\" decoding=\"async\" class=\"alignnone size-medium wp-image-41047\" src=\"https:\/\/hablemosclarotdf.com.ar\/wp-content\/uploads\/2025\/06\/photo_2025-06-17_18-19-05-300x200.jpg\" alt=\"\" width=\"300\" height=\"200\" srcset=\"https:\/\/hablemosclarotdf.com.ar\/wp-content\/uploads\/2025\/06\/photo_2025-06-17_18-19-05-300x200.jpg 300w, https:\/\/hablemosclarotdf.com.ar\/wp-content\/uploads\/2025\/06\/photo_2025-06-17_18-19-05-1024x682.jpg 1024w, https:\/\/hablemosclarotdf.com.ar\/wp-content\/uploads\/2025\/06\/photo_2025-06-17_18-19-05-768x512.jpg 768w, https:\/\/hablemosclarotdf.com.ar\/wp-content\/uploads\/2025\/06\/photo_2025-06-17_18-19-05.jpg 1280w\" sizes=\"auto, (max-width: 300px) 100vw, 300px\" \/><\/p>\n","protected":false},"excerpt":{"rendered":"<p>El Gobierno de la Provincia reafirma su fuerte compromiso con el deporte fueguino al brindar&#8230;<\/p>\n","protected":false},"author":1,"featured_media":41045,"comment_status":"closed","ping_status":"closed","sticky":false,"template":"","format":"standard","meta":{"footnotes":""},"categories":[3],"tags":[],"class_list":["post-41044","post","type-post","status-publish","format-standard","has-post-thumbnail","hentry","category-noticias"],"jetpack_featured_media_url":"https:\/\/hablemosclarotdf.com.ar\/wp-content\/uploads\/2025\/06\/photo_2025-06-17_18-18-52.jpg","_links":{"self":[{"href":"https:\/\/hablemosclarotdf.com.ar\/index.php?rest_route=\/wp\/v2\/posts\/41044","targetHints":{"allow":["GET"]}}],"collection":[{"href":"https:\/\/hablemosclarotdf.com.ar\/index.php?rest_route=\/wp\/v2\/posts"}],"about":[{"href":"https:\/\/hablemosclarotdf.com.ar\/index.php?rest_route=\/wp\/v2\/types\/post"}],"author":[{"embeddable":true,"href":"https:\/\/hablemosclarotdf.com.ar\/index.php?rest_route=\/wp\/v2\/users\/1"}],"replies":[{"embeddable":true,"href":"https:\/\/hablemosclarotdf.com.ar\/index.php?rest_route=%2Fwp%2Fv2%2Fcomments&post=41044"}],"version-history":[{"count":1,"href":"https:\/\/hablemosclarotdf.com.ar\/index.php?rest_route=\/wp\/v2\/posts\/41044\/revisions"}],"predecessor-version":[{"id":41048,"href":"https:\/\/hablemosclarotdf.com.ar\/index.php?rest_route=\/wp\/v2\/posts\/41044\/revisions\/41048"}],"wp:featuredmedia":[{"embeddable":true,"href":"https:\/\/hablemosclarotdf.com.ar\/index.php?rest_route=\/wp\/v2\/media\/41045"}],"wp:attachment":[{"href":"https:\/\/hablemosclarotdf.com.ar\/index.php?rest_route=%2Fwp%2Fv2%2Fmedia&parent=41044"}],"wp:term":[{"taxonomy":"category","embeddable":true,"href":"https:\/\/hablemosclarotdf.com.ar\/index.php?rest_route=%2Fwp%2Fv2%2Fcategories&post=41044"},{"taxonomy":"post_tag","embeddable":true,"href":"https:\/\/hablemosclarotdf.com.ar\/index.php?rest_route=%2Fwp%2Fv2%2Ftags&post=41044"}],"curies":[{"name":"wp","href":"https:\/\/api.w.org\/{rel}","templated":true}]}}