{"id":41039,"date":"2025-06-17T16:34:04","date_gmt":"2025-06-17T19:34:04","guid":{"rendered":"https:\/\/hablemosclarotdf.com.ar\/?p=41039"},"modified":"2025-06-17T16:34:04","modified_gmt":"2025-06-17T19:34:04","slug":"rio-grande-el-municipio-y-tienda-nube-se-unen-para-fortalecer-a-los-emprendedores-locales","status":"publish","type":"post","link":"https:\/\/hablemosclarotdf.com.ar\/?p=41039","title":{"rendered":"RIO GRANDE : EL MUNICIPIO  Y TIENDA NUBE SE UNEN PARA FORTALECER A LOS EMPRENDEDORES LOCALES"},"content":{"rendered":"<p>En el marco del fortalecimiento del ecosistema emprendedor, la Direcci\u00f3n de Desarrollo Local, dependiente de la Secretar\u00eda de Desarrollo Productivo, firm\u00f3 un convenio de colaboraci\u00f3n con la reconocida empresa Tienda Nube, una de las plataformas de comercio electr\u00f3nico m\u00e1s utilizadas en Am\u00e9rica Latina.<\/p>\n<p>Este acuerdo permitir\u00e1 ofrecer capacitaciones gratuitas y 100% online a emprendedores y emprendedoras de la ciudad, con el objetivo de brindar nuevas herramientas digitales para potenciar sus proyectos y ampliar sus canales de venta.<\/p>\n<p>La firma se enmarca dentro de la Escuela Municipal de Emprendedores. A partir de este convenio, quienes integran el ecosistema emprendedor local podr\u00e1n acceder a contenidos especializados sobre comercio electr\u00f3nico, dise\u00f1o de tiendas online, estrategias de venta digital y herramientas clave para profesionalizar sus emprendimientos.<\/p>\n<p>Aquellos interesados e interesadas en inscribirse a las propuestas formativas pueden ingresar a https:\/\/emprende.riogrande.gob.ar\/.<\/p>\n<p>Desde el Municipio de R\u00edo Grande se contin\u00faa trabajando para generar m\u00e1s y mejores oportunidades de formaci\u00f3n, con una mirada provincial, accesible y enfocada en los desaf\u00edos actuales del emprender.<\/p>\n<p><img loading=\"lazy\" decoding=\"async\" class=\"alignnone size-medium wp-image-41041\" src=\"https:\/\/hablemosclarotdf.com.ar\/wp-content\/uploads\/2025\/06\/photo_2025-06-17_16-32-51-240x300.jpg\" alt=\"\" width=\"240\" height=\"300\" srcset=\"https:\/\/hablemosclarotdf.com.ar\/wp-content\/uploads\/2025\/06\/photo_2025-06-17_16-32-51-240x300.jpg 240w, https:\/\/hablemosclarotdf.com.ar\/wp-content\/uploads\/2025\/06\/photo_2025-06-17_16-32-51-818x1024.jpg 818w, https:\/\/hablemosclarotdf.com.ar\/wp-content\/uploads\/2025\/06\/photo_2025-06-17_16-32-51-768x961.jpg 768w, https:\/\/hablemosclarotdf.com.ar\/wp-content\/uploads\/2025\/06\/photo_2025-06-17_16-32-51.jpg 1023w\" sizes=\"auto, (max-width: 240px) 100vw, 240px\" \/> <img loading=\"lazy\" decoding=\"async\" class=\"alignnone size-medium wp-image-41042\" src=\"https:\/\/hablemosclarotdf.com.ar\/wp-content\/uploads\/2025\/06\/photo_2025-06-17_16-33-02-240x300.jpg\" alt=\"\" width=\"240\" height=\"300\" srcset=\"https:\/\/hablemosclarotdf.com.ar\/wp-content\/uploads\/2025\/06\/photo_2025-06-17_16-33-02-240x300.jpg 240w, https:\/\/hablemosclarotdf.com.ar\/wp-content\/uploads\/2025\/06\/photo_2025-06-17_16-33-02-818x1024.jpg 818w, https:\/\/hablemosclarotdf.com.ar\/wp-content\/uploads\/2025\/06\/photo_2025-06-17_16-33-02-768x961.jpg 768w, https:\/\/hablemosclarotdf.com.ar\/wp-content\/uploads\/2025\/06\/photo_2025-06-17_16-33-02.jpg 1023w\" sizes=\"auto, (max-width: 240px) 100vw, 240px\" \/><\/p>\n","protected":false},"excerpt":{"rendered":"<p>En el marco del fortalecimiento del ecosistema emprendedor, la Direcci\u00f3n de Desarrollo Local, dependiente de&#8230;<\/p>\n","protected":false},"author":1,"featured_media":41040,"comment_status":"closed","ping_status":"closed","sticky":false,"template":"","format":"standard","meta":{"footnotes":""},"categories":[3],"tags":[],"class_list":["post-41039","post","type-post","status-publish","format-standard","has-post-thumbnail","hentry","category-noticias"],"jetpack_featured_media_url":"https:\/\/hablemosclarotdf.com.ar\/wp-content\/uploads\/2025\/06\/photo_2025-06-17_16-32-15.jpg","_links":{"self":[{"href":"https:\/\/hablemosclarotdf.com.ar\/index.php?rest_route=\/wp\/v2\/posts\/41039","targetHints":{"allow":["GET"]}}],"collection":[{"href":"https:\/\/hablemosclarotdf.com.ar\/index.php?rest_route=\/wp\/v2\/posts"}],"about":[{"href":"https:\/\/hablemosclarotdf.com.ar\/index.php?rest_route=\/wp\/v2\/types\/post"}],"author":[{"embeddable":true,"href":"https:\/\/hablemosclarotdf.com.ar\/index.php?rest_route=\/wp\/v2\/users\/1"}],"replies":[{"embeddable":true,"href":"https:\/\/hablemosclarotdf.com.ar\/index.php?rest_route=%2Fwp%2Fv2%2Fcomments&post=41039"}],"version-history":[{"count":1,"href":"https:\/\/hablemosclarotdf.com.ar\/index.php?rest_route=\/wp\/v2\/posts\/41039\/revisions"}],"predecessor-version":[{"id":41043,"href":"https:\/\/hablemosclarotdf.com.ar\/index.php?rest_route=\/wp\/v2\/posts\/41039\/revisions\/41043"}],"wp:featuredmedia":[{"embeddable":true,"href":"https:\/\/hablemosclarotdf.com.ar\/index.php?rest_route=\/wp\/v2\/media\/41040"}],"wp:attachment":[{"href":"https:\/\/hablemosclarotdf.com.ar\/index.php?rest_route=%2Fwp%2Fv2%2Fmedia&parent=41039"}],"wp:term":[{"taxonomy":"category","embeddable":true,"href":"https:\/\/hablemosclarotdf.com.ar\/index.php?rest_route=%2Fwp%2Fv2%2Fcategories&post=41039"},{"taxonomy":"post_tag","embeddable":true,"href":"https:\/\/hablemosclarotdf.com.ar\/index.php?rest_route=%2Fwp%2Fv2%2Ftags&post=41039"}],"curies":[{"name":"wp","href":"https:\/\/api.w.org\/{rel}","templated":true}]}}