{"id":40330,"date":"2025-06-10T16:28:29","date_gmt":"2025-06-10T19:28:29","guid":{"rendered":"https:\/\/hablemosclarotdf.com.ar\/?p=40330"},"modified":"2025-06-10T16:28:29","modified_gmt":"2025-06-10T19:28:29","slug":"rio-grande-charla-informativa-sobre-infecciones-respiratorias-y-manejo-de-fiebre-en-ninos-ninas-y-adolescentes","status":"publish","type":"post","link":"https:\/\/hablemosclarotdf.com.ar\/?p=40330","title":{"rendered":"RIO GRANDE : CHARLA INFORMATIVA SOBRE INFECCIONES RESPIRATORIAS Y MANEJO DE FIEBRE EN NI\u00d1OS, NI\u00d1AS Y ADOLESCENTES"},"content":{"rendered":"<p>La actividad se realizar\u00e1 este viernes 13 de junio, desde las 10:00 horas, en el Centro Comunitario Municipal del B\u00b0 Malvinas Argentinas (Cabo Pe\u00f1a 562). Es abierta a toda la comunidad riograndense y no requiere inscripci\u00f3n previa para participar.<\/p>\n<p>Las infecciones respiratorias constituyen una de las principales causas de consulta en ni\u00f1os durante los meses de invierno, especialmente en aquellos que asisten a guarder\u00edas o espacios con contacto cercano. Estas afecciones, mayormente causadas por virus, requieren un manejo cuidadoso, ya que el uso indiscriminado de antibi\u00f3ticos puede provocar resistencia y complicaciones.<\/p>\n<p>Dada la necesidad de abordar esta tem\u00e1tica, desde la Secretar\u00eda de Salud se llevar\u00e1 adelante esta charla con convocatoria abierta a quienes deseen sumarse. La propuesta estar\u00e1 a cargo de la Dra. Eliana Vega, especialista en pediatr\u00eda.<\/p>\n<p>Durante la misma, se hablar\u00e1 sobre los s\u00edntomas, las formas de prevenci\u00f3n y el tratamiento adecuado de las infecciones respiratorias comunes, adem\u00e1s de pautas para detectar signos de alarma que requieren atenci\u00f3n m\u00e9dica urgente.<\/p>\n<p>Con esta propuesta, desde el Municipio se busca acercar herramientas a las familias y promover el cuidado responsable de la salud infantil, siempre velando por el bienestar integral de las infancias y adolescencias riograndenses.<\/p>\n","protected":false},"excerpt":{"rendered":"<p>La actividad se realizar\u00e1 este viernes 13 de junio, desde las 10:00 horas, en el&#8230;<\/p>\n","protected":false},"author":1,"featured_media":40331,"comment_status":"closed","ping_status":"closed","sticky":false,"template":"","format":"standard","meta":{"footnotes":""},"categories":[3],"tags":[],"class_list":["post-40330","post","type-post","status-publish","format-standard","has-post-thumbnail","hentry","category-noticias"],"jetpack_featured_media_url":"https:\/\/hablemosclarotdf.com.ar\/wp-content\/uploads\/2025\/06\/photo_2025-06-10_16-28-01.jpg","_links":{"self":[{"href":"https:\/\/hablemosclarotdf.com.ar\/index.php?rest_route=\/wp\/v2\/posts\/40330","targetHints":{"allow":["GET"]}}],"collection":[{"href":"https:\/\/hablemosclarotdf.com.ar\/index.php?rest_route=\/wp\/v2\/posts"}],"about":[{"href":"https:\/\/hablemosclarotdf.com.ar\/index.php?rest_route=\/wp\/v2\/types\/post"}],"author":[{"embeddable":true,"href":"https:\/\/hablemosclarotdf.com.ar\/index.php?rest_route=\/wp\/v2\/users\/1"}],"replies":[{"embeddable":true,"href":"https:\/\/hablemosclarotdf.com.ar\/index.php?rest_route=%2Fwp%2Fv2%2Fcomments&post=40330"}],"version-history":[{"count":1,"href":"https:\/\/hablemosclarotdf.com.ar\/index.php?rest_route=\/wp\/v2\/posts\/40330\/revisions"}],"predecessor-version":[{"id":40332,"href":"https:\/\/hablemosclarotdf.com.ar\/index.php?rest_route=\/wp\/v2\/posts\/40330\/revisions\/40332"}],"wp:featuredmedia":[{"embeddable":true,"href":"https:\/\/hablemosclarotdf.com.ar\/index.php?rest_route=\/wp\/v2\/media\/40331"}],"wp:attachment":[{"href":"https:\/\/hablemosclarotdf.com.ar\/index.php?rest_route=%2Fwp%2Fv2%2Fmedia&parent=40330"}],"wp:term":[{"taxonomy":"category","embeddable":true,"href":"https:\/\/hablemosclarotdf.com.ar\/index.php?rest_route=%2Fwp%2Fv2%2Fcategories&post=40330"},{"taxonomy":"post_tag","embeddable":true,"href":"https:\/\/hablemosclarotdf.com.ar\/index.php?rest_route=%2Fwp%2Fv2%2Ftags&post=40330"}],"curies":[{"name":"wp","href":"https:\/\/api.w.org\/{rel}","templated":true}]}}