{"id":40290,"date":"2025-06-10T12:07:15","date_gmt":"2025-06-10T15:07:15","guid":{"rendered":"https:\/\/hablemosclarotdf.com.ar\/?p=40290"},"modified":"2025-06-10T12:07:15","modified_gmt":"2025-06-10T15:07:15","slug":"gobierno-ofrece-nuevas-actividades-en-los-centros-comunitarios-de-margen-sur-en-rio-grande","status":"publish","type":"post","link":"https:\/\/hablemosclarotdf.com.ar\/?p=40290","title":{"rendered":"GOBIERNO OFRECE NUEVAS ACTIVIDADES EN LOS CENTROS COMUNITARIOS DE MARGEN SUR EN R\u00cdO GRANDE"},"content":{"rendered":"<p>El Gobierno de la Provincia invita a la comunidad a sumarse y ser parte de las diferentes actividades y propuestas en los espacios socio-comunitarios en Margen Sur durante el mes de junio.<\/p>\n<p>Centro Integral para la Comunidad \u201cCasa de la Alegr\u00eda\u201d, ubicado en Las Azucenas 23, barrio \u201cArraigo Sur\u201d. Consultas e inscripciones al 2964 455865<\/p>\n<p>* Retrato a L\u00e1piz (9 a 12 a\u00f1os) &#8211; lunes de 14 a 16 h<br \/>\n* Cocina (4 a 6 a\u00f1os) &#8211; martes de 9 a 12 h<br \/>\n* Visagismos en Ceja &#8211; mi\u00e9rcoles y viernes de 14 a 17 h<br \/>\n* Cocina (10 a 16 a\u00f1os) &#8211; jueves de 9 a 12 h<br \/>\n* Psicopedagog\u00eda (alfabetizaci\u00f3n y juegos) &#8211; jueves de 10 a 14 h<br \/>\n* Costura B\u00e1sica y Reparaci\u00f3n de Prendas &#8211; jueves de 14 a 16 h<br \/>\n* Aprendo en mi Barrio &#8211; jueves de 15 a 17 h<br \/>\n* Caporales \u201cMunay\u201d &#8211; s\u00e1bado de 13 a 15 h<br \/>\n* Danza Andina \u201cTinku\u201d &#8211; s\u00e1bado de 15 a 17 h<\/p>\n<p>Centro SocioCultural \u201cWalter Buscemi\u201d ubicado en Francisco Minkiol 145, barrio CAP. Consultas e inscripciones al 2964 529795<\/p>\n<p>* Gimnasia con Barras (+16 a\u00f1os) &#8211; lunes, mi\u00e9rcoles y viernes de 9 a 11 h<br \/>\n* Educaci\u00f3n F\u00edsica Infantil (+4 a\u00f1os) &#8211; lunes y jueves de 11 a 12 h<br \/>\n* Cardio Gym Intenso (+18 a\u00f1os) &#8211; lunes, mi\u00e9rcoles y viernes de 16 a 17 h<br \/>\n* Cardio Gym (adultos mayores) &#8211; martes y jueves de 14 a 15 h<br \/>\n* Caporales \u201cMunay\u201d &#8211; lunes y mi\u00e9rcoles de 17 a 19.30 h<br \/>\n* Taller \u201cExplorar Mundos\u201d (2 a 5 a\u00f1os) &#8211; martes y jueves de 17 a 19 h<br \/>\n* Karate-Do &#8211; lunes, mi\u00e9rcoles y viernes de 19.30 a 21 h<br \/>\n* Acondicionamiento F\u00edsico G.A.P. (+18 a\u00f1os) &#8211; martes y jueves de 19.30 a 20.30 h.<br \/>\n* Cardio Gym (+14) &#8211; martes y jueves de 20.30 a 21.30 h<br \/>\n* Caporales \u201cArte Andino\u201d &#8211; s\u00e1bado de 14 a 17 h<br \/>\n* Ballet Folkl\u00f3rico \u201cRevoluci\u00f3n\u201d &#8211; s\u00e1bado de 17 a 20 h<\/p>\n<p>Sal\u00f3n de Usos M\u00faltiples \u201cArraigo sur\u201d, ubicado en Ex Ruta 3 N\u00b0 1116, Barrio \u201cArraigo Sur\u201d. Consultas e inscripciones al 2964 537747<\/p>\n<p>* Reciclado y Fuentes &#8211; lunes y mi\u00e9rcoles de 18 a 20 h<br \/>\n* Pintura Acuarela (9 a 12 a\u00f1os) &#8211; jueves de 15 a 17 h<br \/>\n* Escultura Nivel 2 (+18 a\u00f1os) &#8211; jueves de 17 a 19 h<br \/>\n* Taller de Manga (9 a 12 a\u00f1os) &#8211; martes de 17 a 19 h<br \/>\n* Explorando Mundos (2 a 3 a\u00f1os) &#8211; lunes y mi\u00e9rcoles de 18 a 18.45 h<br \/>\n* Aprendo en mi Barrio &#8211; martes y viernes de 18 a 20 h<br \/>\n* Acondicionamiento F\u00edsico G.A.P. &#8211; viernes de 20 a 21 h<br \/>\n* Ritmos Urbanos &#8211; lunes y mi\u00e9rcoles de 20 a 21.30 h<br \/>\n* Judo Social &#8211; martes y jueves de 19 a 21 h<br \/>\n* Escuela \u201cWikam\u201d &#8211; lunes a viernes de 08.30 a 1.50 h y 13.30 a 17.30 h<br \/>\n* Primaria Intensiva &#8211; martes y jueves de 18.30 a 20 h<br \/>\n* Bachillerato Popular &#8211; lunes a jueves de 08.30 a 12:30 h<\/p>\n<p>Espacio NIDO (N\u00facleo de Inclusi\u00f3n de Oportunidades), ubicado en 28 de Mayo y 2 Lomas, barrio \u201cEl Mirador\u201d. Consultas e inscripciones al 2964 455864<\/p>\n<p>* Atletismo (7 a 12 a\u00f1os) &#8211; lunes, mi\u00e9rcoles y viernes de 15 a 16 h<br \/>\n* Educaci\u00f3n F\u00edsica Infantil (4 a 6 a\u00f1os) &#8211; martes y jueves de 14 a 15 h<br \/>\n* Aprendo en mi Barrio &#8211; lunes, mi\u00e9rcoles y viernes de 17 a 19 h<br \/>\n* Karate-Do (+5 a\u00f1os) &#8211; martes y jueves de 17 a 18 h<br \/>\n* Danzas Urbanas &#8211; martes y jueves de 18 a 20 h<br \/>\n* Danza \u00c1rabe Fusi\u00f3n &#8211; martes y jueves de 20 a 21 h<br \/>\n* Zumba para Adultos &#8211; lunes, mi\u00e9rcoles y viernes de 21 h a 22 h<br \/>\n* Cardio Gym &#8211; lunes, mi\u00e9rcoles y viernes de 19 a 20 h<\/p>\n<p>&nbsp;<\/p>\n<p><img loading=\"lazy\" decoding=\"async\" class=\"alignnone size-medium wp-image-40292\" src=\"https:\/\/hablemosclarotdf.com.ar\/wp-content\/uploads\/2025\/06\/photo_2025-06-10_12-05-50-300x200.jpg\" alt=\"\" width=\"300\" height=\"200\" srcset=\"https:\/\/hablemosclarotdf.com.ar\/wp-content\/uploads\/2025\/06\/photo_2025-06-10_12-05-50-300x200.jpg 300w, https:\/\/hablemosclarotdf.com.ar\/wp-content\/uploads\/2025\/06\/photo_2025-06-10_12-05-50-1024x682.jpg 1024w, https:\/\/hablemosclarotdf.com.ar\/wp-content\/uploads\/2025\/06\/photo_2025-06-10_12-05-50-768x511.jpg 768w, https:\/\/hablemosclarotdf.com.ar\/wp-content\/uploads\/2025\/06\/photo_2025-06-10_12-05-50.jpg 1280w\" sizes=\"auto, (max-width: 300px) 100vw, 300px\" \/> <img loading=\"lazy\" decoding=\"async\" class=\"alignnone size-medium wp-image-40293\" src=\"https:\/\/hablemosclarotdf.com.ar\/wp-content\/uploads\/2025\/06\/photo_2025-06-10_12-05-54-300x169.jpg\" alt=\"\" width=\"300\" height=\"169\" srcset=\"https:\/\/hablemosclarotdf.com.ar\/wp-content\/uploads\/2025\/06\/photo_2025-06-10_12-05-54-300x169.jpg 300w, https:\/\/hablemosclarotdf.com.ar\/wp-content\/uploads\/2025\/06\/photo_2025-06-10_12-05-54-1024x576.jpg 1024w, https:\/\/hablemosclarotdf.com.ar\/wp-content\/uploads\/2025\/06\/photo_2025-06-10_12-05-54-768x432.jpg 768w, https:\/\/hablemosclarotdf.com.ar\/wp-content\/uploads\/2025\/06\/photo_2025-06-10_12-05-54.jpg 1280w\" sizes=\"auto, (max-width: 300px) 100vw, 300px\" \/> <img loading=\"lazy\" decoding=\"async\" class=\"alignnone size-medium wp-image-40294\" src=\"https:\/\/hablemosclarotdf.com.ar\/wp-content\/uploads\/2025\/06\/photo_2025-06-10_12-05-57-300x199.jpg\" alt=\"\" width=\"300\" height=\"199\" srcset=\"https:\/\/hablemosclarotdf.com.ar\/wp-content\/uploads\/2025\/06\/photo_2025-06-10_12-05-57-300x199.jpg 300w, https:\/\/hablemosclarotdf.com.ar\/wp-content\/uploads\/2025\/06\/photo_2025-06-10_12-05-57-1024x680.jpg 1024w, https:\/\/hablemosclarotdf.com.ar\/wp-content\/uploads\/2025\/06\/photo_2025-06-10_12-05-57-768x510.jpg 768w, https:\/\/hablemosclarotdf.com.ar\/wp-content\/uploads\/2025\/06\/photo_2025-06-10_12-05-57.jpg 1280w\" sizes=\"auto, (max-width: 300px) 100vw, 300px\" \/> <img loading=\"lazy\" decoding=\"async\" class=\"alignnone size-medium wp-image-40295\" src=\"https:\/\/hablemosclarotdf.com.ar\/wp-content\/uploads\/2025\/06\/photo_2025-06-10_12-06-01-300x200.jpg\" alt=\"\" width=\"300\" height=\"200\" srcset=\"https:\/\/hablemosclarotdf.com.ar\/wp-content\/uploads\/2025\/06\/photo_2025-06-10_12-06-01-300x200.jpg 300w, https:\/\/hablemosclarotdf.com.ar\/wp-content\/uploads\/2025\/06\/photo_2025-06-10_12-06-01-1024x682.jpg 1024w, https:\/\/hablemosclarotdf.com.ar\/wp-content\/uploads\/2025\/06\/photo_2025-06-10_12-06-01-768x511.jpg 768w, https:\/\/hablemosclarotdf.com.ar\/wp-content\/uploads\/2025\/06\/photo_2025-06-10_12-06-01.jpg 1280w\" sizes=\"auto, (max-width: 300px) 100vw, 300px\" \/> <img loading=\"lazy\" decoding=\"async\" class=\"alignnone size-medium wp-image-40296\" src=\"https:\/\/hablemosclarotdf.com.ar\/wp-content\/uploads\/2025\/06\/photo_2025-06-10_12-06-05-300x200.jpg\" alt=\"\" width=\"300\" height=\"200\" srcset=\"https:\/\/hablemosclarotdf.com.ar\/wp-content\/uploads\/2025\/06\/photo_2025-06-10_12-06-05-300x200.jpg 300w, https:\/\/hablemosclarotdf.com.ar\/wp-content\/uploads\/2025\/06\/photo_2025-06-10_12-06-05-1024x682.jpg 1024w, https:\/\/hablemosclarotdf.com.ar\/wp-content\/uploads\/2025\/06\/photo_2025-06-10_12-06-05-768x511.jpg 768w, https:\/\/hablemosclarotdf.com.ar\/wp-content\/uploads\/2025\/06\/photo_2025-06-10_12-06-05.jpg 1280w\" sizes=\"auto, (max-width: 300px) 100vw, 300px\" \/> <img loading=\"lazy\" decoding=\"async\" class=\"alignnone size-medium wp-image-40297\" src=\"https:\/\/hablemosclarotdf.com.ar\/wp-content\/uploads\/2025\/06\/photo_2025-06-10_12-06-08-300x200.jpg\" alt=\"\" width=\"300\" height=\"200\" srcset=\"https:\/\/hablemosclarotdf.com.ar\/wp-content\/uploads\/2025\/06\/photo_2025-06-10_12-06-08-300x200.jpg 300w, https:\/\/hablemosclarotdf.com.ar\/wp-content\/uploads\/2025\/06\/photo_2025-06-10_12-06-08-1024x682.jpg 1024w, https:\/\/hablemosclarotdf.com.ar\/wp-content\/uploads\/2025\/06\/photo_2025-06-10_12-06-08-768x511.jpg 768w, https:\/\/hablemosclarotdf.com.ar\/wp-content\/uploads\/2025\/06\/photo_2025-06-10_12-06-08.jpg 1280w\" sizes=\"auto, (max-width: 300px) 100vw, 300px\" \/><\/p>\n","protected":false},"excerpt":{"rendered":"<p>El Gobierno de la Provincia invita a la comunidad a sumarse y ser parte de&#8230;<\/p>\n","protected":false},"author":1,"featured_media":40291,"comment_status":"closed","ping_status":"closed","sticky":false,"template":"","format":"standard","meta":{"footnotes":""},"categories":[3],"tags":[],"class_list":["post-40290","post","type-post","status-publish","format-standard","has-post-thumbnail","hentry","category-noticias"],"jetpack_featured_media_url":"https:\/\/hablemosclarotdf.com.ar\/wp-content\/uploads\/2025\/06\/photo_2025-06-10_12-05-41.jpg","_links":{"self":[{"href":"https:\/\/hablemosclarotdf.com.ar\/index.php?rest_route=\/wp\/v2\/posts\/40290","targetHints":{"allow":["GET"]}}],"collection":[{"href":"https:\/\/hablemosclarotdf.com.ar\/index.php?rest_route=\/wp\/v2\/posts"}],"about":[{"href":"https:\/\/hablemosclarotdf.com.ar\/index.php?rest_route=\/wp\/v2\/types\/post"}],"author":[{"embeddable":true,"href":"https:\/\/hablemosclarotdf.com.ar\/index.php?rest_route=\/wp\/v2\/users\/1"}],"replies":[{"embeddable":true,"href":"https:\/\/hablemosclarotdf.com.ar\/index.php?rest_route=%2Fwp%2Fv2%2Fcomments&post=40290"}],"version-history":[{"count":1,"href":"https:\/\/hablemosclarotdf.com.ar\/index.php?rest_route=\/wp\/v2\/posts\/40290\/revisions"}],"predecessor-version":[{"id":40298,"href":"https:\/\/hablemosclarotdf.com.ar\/index.php?rest_route=\/wp\/v2\/posts\/40290\/revisions\/40298"}],"wp:featuredmedia":[{"embeddable":true,"href":"https:\/\/hablemosclarotdf.com.ar\/index.php?rest_route=\/wp\/v2\/media\/40291"}],"wp:attachment":[{"href":"https:\/\/hablemosclarotdf.com.ar\/index.php?rest_route=%2Fwp%2Fv2%2Fmedia&parent=40290"}],"wp:term":[{"taxonomy":"category","embeddable":true,"href":"https:\/\/hablemosclarotdf.com.ar\/index.php?rest_route=%2Fwp%2Fv2%2Fcategories&post=40290"},{"taxonomy":"post_tag","embeddable":true,"href":"https:\/\/hablemosclarotdf.com.ar\/index.php?rest_route=%2Fwp%2Fv2%2Ftags&post=40290"}],"curies":[{"name":"wp","href":"https:\/\/api.w.org\/{rel}","templated":true}]}}