{"id":37814,"date":"2025-05-20T15:06:44","date_gmt":"2025-05-20T18:06:44","guid":{"rendered":"https:\/\/hablemosclarotdf.com.ar\/?p=37814"},"modified":"2025-05-20T15:06:44","modified_gmt":"2025-05-20T18:06:44","slug":"llega-la-pena-costumbres-argentinas-a-tolhuin-musica-identidad-y-encuentro-en-el-corazon-de-la-isla","status":"publish","type":"post","link":"https:\/\/hablemosclarotdf.com.ar\/?p=37814","title":{"rendered":"LLEGA LA PE\u00d1A \u201cCOSTUMBRES ARGENTINAS\u201d A TOLHUIN: M\u00daSICA, IDENTIDAD Y ENCUENTRO EN EL CORAZ\u00d3N DE LA ISLA"},"content":{"rendered":"<p>El Gobierno de la Provincia invita a toda la comunidad fueguina a participar de la segunda edici\u00f3n de la Pe\u00f1a &#8220;Costumbres Argentinas&#8221;, esta vez en la ciudad de Tolhuin. Una propuesta cultural y popular pensada para revalorizar nuestras ra\u00edces y fortalecer los lazos comunitarios a trav\u00e9s de la m\u00fasica, la danza, la gastronom\u00eda y el trabajo de emprendedores locales.<\/p>\n<p>Enmarcada en una pol\u00edtica p\u00fablica que entiende a la cultura como motor de identidad, inclusi\u00f3n y encuentro, esta iniciativa propone un espacio abierto, accesible y festivo, donde se exprese la diversidad, el talento fueguino y el protagonismo de las juventudes.<\/p>\n<p>Con entrada libre y gratuita, la pe\u00f1a est\u00e1 pensada como un punto de encuentro familiar, intergeneracional y comunitario, para compartir lo mejor de nuestras costumbres argentinas.<\/p>\n<p>TOLHUIN | s\u00e1bado 24 de mayo \u2013 20h en el Colegio Trejo Noel (Santiago Rupatini 379)<\/p>\n<p>Grilla art\u00edstica confirmada:<\/p>\n<p>El escenario reunir\u00e1 a artistas y agrupaciones locales que representar\u00e1n con orgullo la m\u00fasica y la danza popular argentina:<\/p>\n<p>&#8211; D\u00fao Quiero Retruco<br \/>\n&#8211; Rub\u00e9n Siles<br \/>\n&#8211; Corazones del Sur<br \/>\n&#8211; Ariel Barquet<br \/>\n&#8211; Ver\u00f3nica y N\u00e9stor Mamani<\/p>\n<p>Adem\u00e1s, el evento contar\u00e1 con un buffet con comidas t\u00edpicas y bebidas a precios populares, organizado por instituciones de la comunidad. Todo lo recaudado ser\u00e1 destinado al fortalecimiento de sus actividades sociales y solidarias.<\/p>\n<p>La pe\u00f1a tambi\u00e9n contar\u00e1 con un espacio para la producci\u00f3n local, donde emprendedores y artesanos mostrar\u00e1n sus creaciones, aportando identidad, color y valor cultural al encuentro.<\/p>\n<p>Una noche para reencontrarnos con nuestras ra\u00edces, celebrar la diversidad, apoyar el talento local y compartir, en comunidad, lo mejor de nuestras costumbres argentinas.<\/p>\n<p>Invitamos a todas las familias, juventudes, vecinos y vecinas de Tolhuin y alrededores a sumarse a esta gran celebraci\u00f3n de nuestra identidad y nuestro orgullo fueguino.<\/p>\n<p><img loading=\"lazy\" decoding=\"async\" class=\"alignnone size-medium wp-image-37816\" src=\"https:\/\/hablemosclarotdf.com.ar\/wp-content\/uploads\/2025\/05\/photo_2025-05-20_15-04-18-300x200.jpg\" alt=\"\" width=\"300\" height=\"200\" srcset=\"https:\/\/hablemosclarotdf.com.ar\/wp-content\/uploads\/2025\/05\/photo_2025-05-20_15-04-18-300x200.jpg 300w, https:\/\/hablemosclarotdf.com.ar\/wp-content\/uploads\/2025\/05\/photo_2025-05-20_15-04-18-1024x683.jpg 1024w, https:\/\/hablemosclarotdf.com.ar\/wp-content\/uploads\/2025\/05\/photo_2025-05-20_15-04-18-768x512.jpg 768w, https:\/\/hablemosclarotdf.com.ar\/wp-content\/uploads\/2025\/05\/photo_2025-05-20_15-04-18.jpg 1280w\" sizes=\"auto, (max-width: 300px) 100vw, 300px\" \/> <img loading=\"lazy\" decoding=\"async\" class=\"alignnone size-medium wp-image-37817\" src=\"https:\/\/hablemosclarotdf.com.ar\/wp-content\/uploads\/2025\/05\/photo_2025-05-20_15-04-22-240x300.jpg\" alt=\"\" width=\"240\" height=\"300\" srcset=\"https:\/\/hablemosclarotdf.com.ar\/wp-content\/uploads\/2025\/05\/photo_2025-05-20_15-04-22-240x300.jpg 240w, https:\/\/hablemosclarotdf.com.ar\/wp-content\/uploads\/2025\/05\/photo_2025-05-20_15-04-22-819x1024.jpg 819w, https:\/\/hablemosclarotdf.com.ar\/wp-content\/uploads\/2025\/05\/photo_2025-05-20_15-04-22-768x960.jpg 768w, https:\/\/hablemosclarotdf.com.ar\/wp-content\/uploads\/2025\/05\/photo_2025-05-20_15-04-22.jpg 1024w\" sizes=\"auto, (max-width: 240px) 100vw, 240px\" \/> <img loading=\"lazy\" decoding=\"async\" class=\"alignnone size-medium wp-image-37818\" src=\"https:\/\/hablemosclarotdf.com.ar\/wp-content\/uploads\/2025\/05\/photo_2025-05-20_15-04-25-240x300.jpg\" alt=\"\" width=\"240\" height=\"300\" srcset=\"https:\/\/hablemosclarotdf.com.ar\/wp-content\/uploads\/2025\/05\/photo_2025-05-20_15-04-25-240x300.jpg 240w, https:\/\/hablemosclarotdf.com.ar\/wp-content\/uploads\/2025\/05\/photo_2025-05-20_15-04-25-819x1024.jpg 819w, https:\/\/hablemosclarotdf.com.ar\/wp-content\/uploads\/2025\/05\/photo_2025-05-20_15-04-25-768x960.jpg 768w, https:\/\/hablemosclarotdf.com.ar\/wp-content\/uploads\/2025\/05\/photo_2025-05-20_15-04-25.jpg 1024w\" sizes=\"auto, (max-width: 240px) 100vw, 240px\" \/><\/p>\n","protected":false},"excerpt":{"rendered":"<p>El Gobierno de la Provincia invita a toda la comunidad fueguina a participar de la&#8230;<\/p>\n","protected":false},"author":1,"featured_media":37815,"comment_status":"closed","ping_status":"closed","sticky":false,"template":"","format":"standard","meta":{"footnotes":""},"categories":[3],"tags":[],"class_list":["post-37814","post","type-post","status-publish","format-standard","has-post-thumbnail","hentry","category-noticias"],"jetpack_featured_media_url":"https:\/\/hablemosclarotdf.com.ar\/wp-content\/uploads\/2025\/05\/photo_2025-05-20_15-04-11.jpg","_links":{"self":[{"href":"https:\/\/hablemosclarotdf.com.ar\/index.php?rest_route=\/wp\/v2\/posts\/37814","targetHints":{"allow":["GET"]}}],"collection":[{"href":"https:\/\/hablemosclarotdf.com.ar\/index.php?rest_route=\/wp\/v2\/posts"}],"about":[{"href":"https:\/\/hablemosclarotdf.com.ar\/index.php?rest_route=\/wp\/v2\/types\/post"}],"author":[{"embeddable":true,"href":"https:\/\/hablemosclarotdf.com.ar\/index.php?rest_route=\/wp\/v2\/users\/1"}],"replies":[{"embeddable":true,"href":"https:\/\/hablemosclarotdf.com.ar\/index.php?rest_route=%2Fwp%2Fv2%2Fcomments&post=37814"}],"version-history":[{"count":1,"href":"https:\/\/hablemosclarotdf.com.ar\/index.php?rest_route=\/wp\/v2\/posts\/37814\/revisions"}],"predecessor-version":[{"id":37819,"href":"https:\/\/hablemosclarotdf.com.ar\/index.php?rest_route=\/wp\/v2\/posts\/37814\/revisions\/37819"}],"wp:featuredmedia":[{"embeddable":true,"href":"https:\/\/hablemosclarotdf.com.ar\/index.php?rest_route=\/wp\/v2\/media\/37815"}],"wp:attachment":[{"href":"https:\/\/hablemosclarotdf.com.ar\/index.php?rest_route=%2Fwp%2Fv2%2Fmedia&parent=37814"}],"wp:term":[{"taxonomy":"category","embeddable":true,"href":"https:\/\/hablemosclarotdf.com.ar\/index.php?rest_route=%2Fwp%2Fv2%2Fcategories&post=37814"},{"taxonomy":"post_tag","embeddable":true,"href":"https:\/\/hablemosclarotdf.com.ar\/index.php?rest_route=%2Fwp%2Fv2%2Ftags&post=37814"}],"curies":[{"name":"wp","href":"https:\/\/api.w.org\/{rel}","templated":true}]}}