{"id":37794,"date":"2025-05-20T14:16:45","date_gmt":"2025-05-20T17:16:45","guid":{"rendered":"https:\/\/hablemosclarotdf.com.ar\/?p=37794"},"modified":"2025-05-20T14:16:45","modified_gmt":"2025-05-20T17:16:45","slug":"rio-grande-se-llevo-adelante-una-jornada-de-reciclaje-en-rio-grande","status":"publish","type":"post","link":"https:\/\/hablemosclarotdf.com.ar\/?p=37794","title":{"rendered":"RIO GRANDE : SE LLEV\u00d3 ADELANTE UNA JORNADA DE RECICLAJE EN R\u00cdO GRANDE"},"content":{"rendered":"<p>En pos de seguir construyendo una ciudad sustentable y con conciencia ambiental, el Municipio junto a la Fundaci\u00f3n Garrahan llevaron adelante esta actividad. La misma tiene por objetivo generar un camino de concientizaci\u00f3n y compromiso.<\/p>\n<p>En el marco del D\u00eda Mundial del Reciclaje, el s\u00e1bado se llev\u00f3 adelante una jornada de separaci\u00f3n de residuos en el Cuartel de Bomberos Voluntarios. La propuesta fue organizada por la Direcci\u00f3n de Ambiente de R\u00edo Grande junto a la Fundaci\u00f3n Garrahan.<\/p>\n<p>Los materiales que se separaron fueron botellas PET y ecobotellas, llaves de bronce, cart\u00f3n; papel tipo oficina; CD\u00b4s y tapas de pl\u00e1sticos.<\/p>\n<p>El Municipio agradece la participaci\u00f3n activa de las vecinas y vecinos; al mismo tiempo extiende la invitaci\u00f3n a seguir sum\u00e1ndose a las diferentes acciones para generar una ciudad verde, limpia y para toda la vida.<\/p>\n<p>Asimismo, se recuerda que ingresando a este enlace https:\/\/bit.ly\/ECOpuntos pueden conocer cu\u00e1l es el \u201cECOpunto\u201d m\u00e1s cercano a su hogar; mientras que, a trav\u00e9s de este link: https:\/\/bit.ly\/4kvu0Rc, ver\u00e1n la ubicaci\u00f3n de los corazones de la Fundaci\u00f3n Garrahan. Finalmente, quienes quieran conocer el recorrido y los horarios para la recolecci\u00f3n de residuos, pueden ingresar ac\u00e1: https:\/\/bit.ly\/3SbzdRR.<\/p>\n<p>Mediante estas iniciativas, el Estado municipal afirma su compromiso con el ambiente generando acciones que promuevan la colaboraci\u00f3n como la responsabilidad de la comunidad en pos de seguir construyendo una R\u00edo Grande sustentable y con conciencia ambiental.<\/p>\n<p>Google My Maps (https:\/\/bit.ly\/4kvu0Rc)<br \/>\nCorazones Fundac\u00ed\u00f3n Garrahan &#8211; Google My Maps<br \/>\nMapa de los Corazones Tapiteros y Campanas de Latas de Aluminio en la Ciudad de R\u00edo Grande para colaborar con la Fundaci\u00f3n Garrahan. Gestionado por Las Mujeres Voluntarias del Programa<\/p>\n<p><img loading=\"lazy\" decoding=\"async\" class=\"alignnone size-medium wp-image-37796\" src=\"https:\/\/hablemosclarotdf.com.ar\/wp-content\/uploads\/2025\/05\/photo_2025-05-20_14-14-39-300x200.jpg\" alt=\"\" width=\"300\" height=\"200\" srcset=\"https:\/\/hablemosclarotdf.com.ar\/wp-content\/uploads\/2025\/05\/photo_2025-05-20_14-14-39-300x200.jpg 300w, https:\/\/hablemosclarotdf.com.ar\/wp-content\/uploads\/2025\/05\/photo_2025-05-20_14-14-39-1024x683.jpg 1024w, https:\/\/hablemosclarotdf.com.ar\/wp-content\/uploads\/2025\/05\/photo_2025-05-20_14-14-39-768x512.jpg 768w, https:\/\/hablemosclarotdf.com.ar\/wp-content\/uploads\/2025\/05\/photo_2025-05-20_14-14-39.jpg 1500w\" sizes=\"auto, (max-width: 300px) 100vw, 300px\" \/> <img loading=\"lazy\" decoding=\"async\" class=\"alignnone size-medium wp-image-37797\" src=\"https:\/\/hablemosclarotdf.com.ar\/wp-content\/uploads\/2025\/05\/photo_2025-05-20_14-14-42-300x200.jpg\" alt=\"\" width=\"300\" height=\"200\" srcset=\"https:\/\/hablemosclarotdf.com.ar\/wp-content\/uploads\/2025\/05\/photo_2025-05-20_14-14-42-300x200.jpg 300w, https:\/\/hablemosclarotdf.com.ar\/wp-content\/uploads\/2025\/05\/photo_2025-05-20_14-14-42-1024x683.jpg 1024w, https:\/\/hablemosclarotdf.com.ar\/wp-content\/uploads\/2025\/05\/photo_2025-05-20_14-14-42-768x512.jpg 768w, https:\/\/hablemosclarotdf.com.ar\/wp-content\/uploads\/2025\/05\/photo_2025-05-20_14-14-42.jpg 1500w\" sizes=\"auto, (max-width: 300px) 100vw, 300px\" \/> <img loading=\"lazy\" decoding=\"async\" class=\"alignnone size-medium wp-image-37798\" src=\"https:\/\/hablemosclarotdf.com.ar\/wp-content\/uploads\/2025\/05\/photo_2025-05-20_14-14-50-300x200.jpg\" alt=\"\" width=\"300\" height=\"200\" srcset=\"https:\/\/hablemosclarotdf.com.ar\/wp-content\/uploads\/2025\/05\/photo_2025-05-20_14-14-50-300x200.jpg 300w, https:\/\/hablemosclarotdf.com.ar\/wp-content\/uploads\/2025\/05\/photo_2025-05-20_14-14-50-1024x683.jpg 1024w, https:\/\/hablemosclarotdf.com.ar\/wp-content\/uploads\/2025\/05\/photo_2025-05-20_14-14-50-768x512.jpg 768w, https:\/\/hablemosclarotdf.com.ar\/wp-content\/uploads\/2025\/05\/photo_2025-05-20_14-14-50.jpg 1500w\" sizes=\"auto, (max-width: 300px) 100vw, 300px\" \/> <img loading=\"lazy\" decoding=\"async\" class=\"alignnone size-medium wp-image-37799\" src=\"https:\/\/hablemosclarotdf.com.ar\/wp-content\/uploads\/2025\/05\/photo_2025-05-20_14-14-53-300x200.jpg\" alt=\"\" width=\"300\" height=\"200\" srcset=\"https:\/\/hablemosclarotdf.com.ar\/wp-content\/uploads\/2025\/05\/photo_2025-05-20_14-14-53-300x200.jpg 300w, https:\/\/hablemosclarotdf.com.ar\/wp-content\/uploads\/2025\/05\/photo_2025-05-20_14-14-53-1024x683.jpg 1024w, https:\/\/hablemosclarotdf.com.ar\/wp-content\/uploads\/2025\/05\/photo_2025-05-20_14-14-53-768x512.jpg 768w, https:\/\/hablemosclarotdf.com.ar\/wp-content\/uploads\/2025\/05\/photo_2025-05-20_14-14-53.jpg 1500w\" sizes=\"auto, (max-width: 300px) 100vw, 300px\" \/><\/p>\n","protected":false},"excerpt":{"rendered":"<p>En pos de seguir construyendo una ciudad sustentable y con conciencia ambiental, el Municipio junto&#8230;<\/p>\n","protected":false},"author":1,"featured_media":37795,"comment_status":"closed","ping_status":"closed","sticky":false,"template":"","format":"standard","meta":{"footnotes":""},"categories":[3],"tags":[],"class_list":["post-37794","post","type-post","status-publish","format-standard","has-post-thumbnail","hentry","category-noticias"],"jetpack_featured_media_url":"https:\/\/hablemosclarotdf.com.ar\/wp-content\/uploads\/2025\/05\/photo_2025-05-20_14-14-35.jpg","_links":{"self":[{"href":"https:\/\/hablemosclarotdf.com.ar\/index.php?rest_route=\/wp\/v2\/posts\/37794","targetHints":{"allow":["GET"]}}],"collection":[{"href":"https:\/\/hablemosclarotdf.com.ar\/index.php?rest_route=\/wp\/v2\/posts"}],"about":[{"href":"https:\/\/hablemosclarotdf.com.ar\/index.php?rest_route=\/wp\/v2\/types\/post"}],"author":[{"embeddable":true,"href":"https:\/\/hablemosclarotdf.com.ar\/index.php?rest_route=\/wp\/v2\/users\/1"}],"replies":[{"embeddable":true,"href":"https:\/\/hablemosclarotdf.com.ar\/index.php?rest_route=%2Fwp%2Fv2%2Fcomments&post=37794"}],"version-history":[{"count":1,"href":"https:\/\/hablemosclarotdf.com.ar\/index.php?rest_route=\/wp\/v2\/posts\/37794\/revisions"}],"predecessor-version":[{"id":37800,"href":"https:\/\/hablemosclarotdf.com.ar\/index.php?rest_route=\/wp\/v2\/posts\/37794\/revisions\/37800"}],"wp:featuredmedia":[{"embeddable":true,"href":"https:\/\/hablemosclarotdf.com.ar\/index.php?rest_route=\/wp\/v2\/media\/37795"}],"wp:attachment":[{"href":"https:\/\/hablemosclarotdf.com.ar\/index.php?rest_route=%2Fwp%2Fv2%2Fmedia&parent=37794"}],"wp:term":[{"taxonomy":"category","embeddable":true,"href":"https:\/\/hablemosclarotdf.com.ar\/index.php?rest_route=%2Fwp%2Fv2%2Fcategories&post=37794"},{"taxonomy":"post_tag","embeddable":true,"href":"https:\/\/hablemosclarotdf.com.ar\/index.php?rest_route=%2Fwp%2Fv2%2Ftags&post=37794"}],"curies":[{"name":"wp","href":"https:\/\/api.w.org\/{rel}","templated":true}]}}