{"id":32234,"date":"2025-03-31T21:04:42","date_gmt":"2025-04-01T00:04:42","guid":{"rendered":"https:\/\/hablemosclarotdf.com.ar\/?p=32234"},"modified":"2025-03-31T21:04:42","modified_gmt":"2025-04-01T00:04:42","slug":"alfonsin-la-mirada-que-sigue-haciendo-falta","status":"publish","type":"post","link":"https:\/\/hablemosclarotdf.com.ar\/?p=32234","title":{"rendered":"Alfons\u00edn: la mirada que sigue haciendo falta"},"content":{"rendered":"<table cellspacing=\"0\" cellpadding=\"0\">\n<tbody>\n<tr>\n<td valign=\"top\">\n<div class=\"as\">\n<div>\n<div class=\"bloque1 nota nota-columna-ar\">\n<div class=\"item\">\n<div class=\"zleft z75\">\n<div class=\"columnista nota-header\">\n<div id=\"title-news\" class=\"title\">Alfons\u00edn: la mirada que sigue haciendo falta<\/div>\n<table cellspacing=\"0\" cellpadding=\"0\">\n<tbody>\n<tr>\n<td valign=\"top\">\n<div class=\"authorimage\"><img loading=\"lazy\" decoding=\"async\" id=\"imgv64067v1\" src=\"https:\/\/www.lapoliticaonline.com\/files\/image\/251\/251793\/67eaf9b61eee9_160_160!.jpg?s=94c816f36925c66444f6418815e8a64e&amp;d=1743452961\" width=\"160\" height=\"160\" \/><\/div>\n<\/td>\n<td valign=\"top\">\n<div class=\"as\"><span class=\"author\"><a href=\"https:\/\/www.lapoliticaonline.com\/columnas\/pablo-blanco\/\">Por Pablo Blanco<\/a><\/span><\/p>\n<div class=\"description\">El kirchnerismo y el mileismo, ambos con su carga de resentimiento e ideologismo prepotente, son las dos caras de un espejo invertido que nos devuelve la imagen de un pa\u00eds atenazado.<\/div>\n<\/div>\n<\/td>\n<\/tr>\n<\/tbody>\n<\/table>\n<\/div>\n<div class=\"article-toolbar\">\n<section class=\"share \">&nbsp;<\/p>\n<\/section>\n<\/div>\n<div id=\"vsmcontent\" class=\"body vsmcontent\">\n<p>\u00a0En tiempos donde la pol\u00edtica parece tener due\u00f1os, en \u00e9pocas donde un relato construido artificialmente trata de imponerse a la realidad y en instancias donde la prepotencia ideol\u00f3gica y program\u00e1tica amenaza con llevarse puestas a las instituciones, ahora, m\u00e1s que nunca hace falta un Alfons\u00edn.<\/p>\n<p>Me dir\u00e1n que vivo de recuerdos, que ya le pas\u00f3 el cuarto de hora a los que creemos en el di\u00e1logo como m\u00e9todo para llegar a soluciones pol\u00edticas y que ya es tarde para apostar al pluralismo sin dar el brazo a torcer en lo que hace a nuestras m\u00e1s \u00edntimas conviccio<\/p>\n<div class=\"zone z75-footer-globalsite-idx2 global-site-banner\">\n<div id=\"vplnewsletterv64067v3\" class=\"piece newsletter standard align-left bkg-image\">\n<div class=\"piecefooter\">\n<div class=\"piecefooterimage\"><\/div>\n<\/div>\n<\/div>\n<\/div>\n<p>En momentos donde todo parece tener precio, hay valores que no se compran ni se venden.<\/p>\n<p>Estoy convencido de que el p\u00e9ndulo que pone a los argentinos de un lado al otro de la grieta naturalmente tender\u00e1 al equilibrio. Y ese equilibrio no ser\u00e1 la ausencia de vida sino el triunfo de la tolerancia sobre el fanatismo; ser\u00e1 el reencuentro con el otro respetando nuestras diferencias y sabi\u00e9ndonos todos copropietarios de la Naci\u00f3n en busca de su destino.<\/p>\n<p>Ayer el kirchnerismo y hoy el mileismo, ambos con su carga de resentimiento e ideologismo prepotente, son las dos caras de un espejo invertido que nos devuelve la imagen de un pa\u00eds atenazado.<\/p>\n<div class=\"zone z75-footer-globalsite-idx5 global-site-banner\">\n<div class=\"piece banner standard\">\n<div class=\"items\">\n<div class=\"item\">\n<div id=\"Interstitial\"><\/div>\n<\/div>\n<\/div>\n<\/div>\n<\/div>\n<p>Hoy los paladines de la libertad tratan por todos los medios de imponer su visi\u00f3n del mundo en funci\u00f3n de sus objetivos. Detestan lo diferente, odian al pluralismo y arrasan con la institucionalidad. En nombre la libertad hasta est\u00e1n dispuestos a sacrificarla.<\/p>\n<p>Ayer los genios de la justicia social fundieron al pa\u00eds d\u00e1ndole a la maquinita para generar una ilusoria sensaci\u00f3n de bienestar mientras se robaron todo.<\/p>\n<div class=\"zone z75-footer-globalsite-idx7 global-site-banner\">\n<div class=\"piece banner standard\">\n<div class=\"items\">\n<div class=\"item\">\n<div id=\"Adhesion\"><\/div>\n<\/div>\n<\/div>\n<\/div>\n<\/div>\n<p>Ni uno ni otro es el camino. Con una mitad de los argentinos s\u00f3lo nos espera el desastre.<\/p>\n<p>El camino sigue siendo el que nos indic\u00f3 Ra\u00fal Alfons\u00edn; el de la democracia plena con controles institucionales cruzados; una econom\u00eda inclusiva que busque modos sustentables de expansi\u00f3n; una justicia no ama\u00f1ada; unas relaciones exteriores serias, atentas a los cambios mundiales y de provecho para la Naci\u00f3n. Un pa\u00eds en el que se respete tanto a los ni\u00f1os como a los viejos; a los docentes, a los m\u00e9dicos, a los cient\u00edficos, a los creadores de empresas y tambi\u00e9n de arte. Una Argentina cuyo motor sea algo mucho m\u00e1s grande que el producto del campo, una Argentina que se integre al mundo de manera ventajosa e inteligente y no de manera servil arrastr\u00e1ndose para conseguir alguna migaja de los poderosos.<\/p>\n<p>Un pa\u00eds donde los derechos humanos sean una conquista de todos y no una reivindicaci\u00f3n de fracciones en la que el pasado siempre est\u00e1 en disputa obstaculizando el camino hacia el futuro.<\/p>\n<p>Alfons\u00edn lo intent\u00f3. Hizo bien muchas cosas y otras tantas salieron mal. Pero nadie puede decir que \u00e9l abog\u00f3 por un pa\u00eds a medias o para una minor\u00eda. \u00c9l nos abraz\u00f3 a todos y luego fuimos nosotros los que perdimos el rumbo.<\/p>\n<p>Recordarlo en un d\u00eda como hoy es saber que hay otro camino. Camino que, m\u00e1s temprano que tarde, va a volver a hacerse visible y transitable a fin de &#8220;constituir la uni\u00f3n nacional, afianzar la justicia, consolidar la paz interior, proveer a la defensa com\u00fan, promover el bienestar general, y asegurar los beneficios de la libertad, para nosotros, para nuestra posteridad, y para todos los hombres del mundo que quieran habitar en el suelo argentino&#8221;.<\/p>\n<\/div>\n<\/div>\n<\/div>\n<div class=\"z25 zright float\">\n<div class=\"piece breves masColumnas\">\n<div class=\"piecetitle\">Pablo Blanco<\/div>\n<div class=\"items\">\n<div class=\"item locked nomedia\"><\/div>\n<\/div>\n<\/div>\n<\/div>\n<div><\/div>\n<\/div>\n<\/div>\n<div><\/div>\n<\/div>\n<\/td>\n<\/tr>\n<\/tbody>\n<\/table>\n","protected":false},"excerpt":{"rendered":"<p>Alfons\u00edn: la mirada que sigue haciendo falta Por Pablo Blanco El kirchnerismo y el mileismo,&#8230;<\/p>\n","protected":false},"author":1,"featured_media":32235,"comment_status":"closed","ping_status":"closed","sticky":false,"template":"","format":"standard","meta":{"footnotes":""},"categories":[3],"tags":[],"class_list":["post-32234","post","type-post","status-publish","format-standard","has-post-thumbnail","hentry","category-noticias"],"jetpack_featured_media_url":"https:\/\/hablemosclarotdf.com.ar\/wp-content\/uploads\/2025\/03\/67eaf9b61eee9_160_160.jpg","_links":{"self":[{"href":"https:\/\/hablemosclarotdf.com.ar\/index.php?rest_route=\/wp\/v2\/posts\/32234","targetHints":{"allow":["GET"]}}],"collection":[{"href":"https:\/\/hablemosclarotdf.com.ar\/index.php?rest_route=\/wp\/v2\/posts"}],"about":[{"href":"https:\/\/hablemosclarotdf.com.ar\/index.php?rest_route=\/wp\/v2\/types\/post"}],"author":[{"embeddable":true,"href":"https:\/\/hablemosclarotdf.com.ar\/index.php?rest_route=\/wp\/v2\/users\/1"}],"replies":[{"embeddable":true,"href":"https:\/\/hablemosclarotdf.com.ar\/index.php?rest_route=%2Fwp%2Fv2%2Fcomments&post=32234"}],"version-history":[{"count":1,"href":"https:\/\/hablemosclarotdf.com.ar\/index.php?rest_route=\/wp\/v2\/posts\/32234\/revisions"}],"predecessor-version":[{"id":32236,"href":"https:\/\/hablemosclarotdf.com.ar\/index.php?rest_route=\/wp\/v2\/posts\/32234\/revisions\/32236"}],"wp:featuredmedia":[{"embeddable":true,"href":"https:\/\/hablemosclarotdf.com.ar\/index.php?rest_route=\/wp\/v2\/media\/32235"}],"wp:attachment":[{"href":"https:\/\/hablemosclarotdf.com.ar\/index.php?rest_route=%2Fwp%2Fv2%2Fmedia&parent=32234"}],"wp:term":[{"taxonomy":"category","embeddable":true,"href":"https:\/\/hablemosclarotdf.com.ar\/index.php?rest_route=%2Fwp%2Fv2%2Fcategories&post=32234"},{"taxonomy":"post_tag","embeddable":true,"href":"https:\/\/hablemosclarotdf.com.ar\/index.php?rest_route=%2Fwp%2Fv2%2Ftags&post=32234"}],"curies":[{"name":"wp","href":"https:\/\/api.w.org\/{rel}","templated":true}]}}