{"id":32218,"date":"2025-03-31T19:30:36","date_gmt":"2025-03-31T22:30:36","guid":{"rendered":"https:\/\/hablemosclarotdf.com.ar\/?p=32218"},"modified":"2025-03-31T19:30:36","modified_gmt":"2025-03-31T22:30:36","slug":"rio-grande-el-municipio-entrego-a-veteranos-bloques-3d-para-una-maqueta-memorial-de-malvinas","status":"publish","type":"post","link":"https:\/\/hablemosclarotdf.com.ar\/?p=32218","title":{"rendered":"RIO GRANDE : EL MUNICIPIO ENTREG\u00d3 A VETERANOS BLOQUES 3D PARA UNA MAQUETA MEMORIAL DE MALVINAS"},"content":{"rendered":"<p>Se tratan de 15 bloques 3D que fueron impresos en el Espacio Tecnol\u00f3gico, en articulaci\u00f3n con la Comisi\u00f3n Directiva del Centro de Veteranos de Guerra de Malvinas. Esta iniciativa se enmarca en el Proyecto \u201cMalvinas 3D\u201d, ideado y coordinado por el VGM, Jorge Chernoff, quien invit\u00f3 a todas las provincias a participar en la construcci\u00f3n de una maqueta del mapa de las Islas Malvinas de 1.500 bloques (de 16 x 16 cm) ensamblables impresos en 3D.<\/p>\n<p>Los bloques fueron ideados por un grupo de ingenieros en cartograf\u00eda, quienes armaron los archivos de cada uno de estos 1.500 bloques, los que tendr\u00e1n grabados los nombres de los ca\u00eddos, estrofas de la Marcha de Malvinas y breves l\u00edneas con hechos de importancia que transmitan la historia de la Gesta.<\/p>\n<p>La maqueta de Malvinas tendr\u00e1 una dimensi\u00f3n de 8 metros por 4,8 metros y se buscar\u00e1 hacer una muestra itinerante de la pieza por todo el pa\u00eds, con el objetivo de difundir la memoria y la soberan\u00eda. Dicha muestra se complementar\u00e1 con la proyecci\u00f3n de un video mapping, con datos sobre su geograf\u00eda, recursos naturales, historia de la colonia y la recuperaci\u00f3n en 1982, guerra y post guerra.<\/p>\n<p>Cabe destacar que el Municipio cuenta con impresoras 3D ubicadas en el Espacio Tecnol\u00f3gico mientras que la empresa Nexo realiz\u00f3 una donaci\u00f3n de 3 kg. de filamento que sirvieron como insumo para la impresi\u00f3n de los mismos.<\/p>\n<p><img loading=\"lazy\" decoding=\"async\" class=\"alignnone size-medium wp-image-32220\" src=\"https:\/\/hablemosclarotdf.com.ar\/wp-content\/uploads\/2025\/03\/photo_2025-03-31_19-28-35-300x225.jpg\" alt=\"\" width=\"300\" height=\"225\" srcset=\"https:\/\/hablemosclarotdf.com.ar\/wp-content\/uploads\/2025\/03\/photo_2025-03-31_19-28-35-300x225.jpg 300w, https:\/\/hablemosclarotdf.com.ar\/wp-content\/uploads\/2025\/03\/photo_2025-03-31_19-28-35-768x576.jpg 768w, https:\/\/hablemosclarotdf.com.ar\/wp-content\/uploads\/2025\/03\/photo_2025-03-31_19-28-35.jpg 970w\" sizes=\"auto, (max-width: 300px) 100vw, 300px\" \/> <img loading=\"lazy\" decoding=\"async\" class=\"alignnone size-medium wp-image-32221\" src=\"https:\/\/hablemosclarotdf.com.ar\/wp-content\/uploads\/2025\/03\/photo_2025-03-31_19-28-42-300x225.jpg\" alt=\"\" width=\"300\" height=\"225\" srcset=\"https:\/\/hablemosclarotdf.com.ar\/wp-content\/uploads\/2025\/03\/photo_2025-03-31_19-28-42-300x225.jpg 300w, https:\/\/hablemosclarotdf.com.ar\/wp-content\/uploads\/2025\/03\/photo_2025-03-31_19-28-42-1024x768.jpg 1024w, https:\/\/hablemosclarotdf.com.ar\/wp-content\/uploads\/2025\/03\/photo_2025-03-31_19-28-42-768x576.jpg 768w, https:\/\/hablemosclarotdf.com.ar\/wp-content\/uploads\/2025\/03\/photo_2025-03-31_19-28-42.jpg 1106w\" sizes=\"auto, (max-width: 300px) 100vw, 300px\" \/> <img loading=\"lazy\" decoding=\"async\" class=\"alignnone size-medium wp-image-32222\" src=\"https:\/\/hablemosclarotdf.com.ar\/wp-content\/uploads\/2025\/03\/photo_2025-03-31_19-28-49-300x225.jpg\" alt=\"\" width=\"300\" height=\"225\" srcset=\"https:\/\/hablemosclarotdf.com.ar\/wp-content\/uploads\/2025\/03\/photo_2025-03-31_19-28-49-300x225.jpg 300w, https:\/\/hablemosclarotdf.com.ar\/wp-content\/uploads\/2025\/03\/photo_2025-03-31_19-28-49-1024x767.jpg 1024w, https:\/\/hablemosclarotdf.com.ar\/wp-content\/uploads\/2025\/03\/photo_2025-03-31_19-28-49-768x575.jpg 768w, https:\/\/hablemosclarotdf.com.ar\/wp-content\/uploads\/2025\/03\/photo_2025-03-31_19-28-49.jpg 1125w\" sizes=\"auto, (max-width: 300px) 100vw, 300px\" \/><\/p>\n","protected":false},"excerpt":{"rendered":"<p>Se tratan de 15 bloques 3D que fueron impresos en el Espacio Tecnol\u00f3gico, en articulaci\u00f3n&#8230;<\/p>\n","protected":false},"author":1,"featured_media":32219,"comment_status":"closed","ping_status":"closed","sticky":false,"template":"","format":"standard","meta":{"footnotes":""},"categories":[3],"tags":[],"class_list":["post-32218","post","type-post","status-publish","format-standard","has-post-thumbnail","hentry","category-noticias"],"jetpack_featured_media_url":"https:\/\/hablemosclarotdf.com.ar\/wp-content\/uploads\/2025\/03\/photo_2025-03-31_19-28-29.jpg","_links":{"self":[{"href":"https:\/\/hablemosclarotdf.com.ar\/index.php?rest_route=\/wp\/v2\/posts\/32218","targetHints":{"allow":["GET"]}}],"collection":[{"href":"https:\/\/hablemosclarotdf.com.ar\/index.php?rest_route=\/wp\/v2\/posts"}],"about":[{"href":"https:\/\/hablemosclarotdf.com.ar\/index.php?rest_route=\/wp\/v2\/types\/post"}],"author":[{"embeddable":true,"href":"https:\/\/hablemosclarotdf.com.ar\/index.php?rest_route=\/wp\/v2\/users\/1"}],"replies":[{"embeddable":true,"href":"https:\/\/hablemosclarotdf.com.ar\/index.php?rest_route=%2Fwp%2Fv2%2Fcomments&post=32218"}],"version-history":[{"count":1,"href":"https:\/\/hablemosclarotdf.com.ar\/index.php?rest_route=\/wp\/v2\/posts\/32218\/revisions"}],"predecessor-version":[{"id":32223,"href":"https:\/\/hablemosclarotdf.com.ar\/index.php?rest_route=\/wp\/v2\/posts\/32218\/revisions\/32223"}],"wp:featuredmedia":[{"embeddable":true,"href":"https:\/\/hablemosclarotdf.com.ar\/index.php?rest_route=\/wp\/v2\/media\/32219"}],"wp:attachment":[{"href":"https:\/\/hablemosclarotdf.com.ar\/index.php?rest_route=%2Fwp%2Fv2%2Fmedia&parent=32218"}],"wp:term":[{"taxonomy":"category","embeddable":true,"href":"https:\/\/hablemosclarotdf.com.ar\/index.php?rest_route=%2Fwp%2Fv2%2Fcategories&post=32218"},{"taxonomy":"post_tag","embeddable":true,"href":"https:\/\/hablemosclarotdf.com.ar\/index.php?rest_route=%2Fwp%2Fv2%2Ftags&post=32218"}],"curies":[{"name":"wp","href":"https:\/\/api.w.org\/{rel}","templated":true}]}}