{"id":32153,"date":"2025-03-31T16:13:16","date_gmt":"2025-03-31T19:13:16","guid":{"rendered":"https:\/\/hablemosclarotdf.com.ar\/?p=32153"},"modified":"2025-03-31T16:13:16","modified_gmt":"2025-03-31T19:13:16","slug":"rio-grande-condolencias-19","status":"publish","type":"post","link":"https:\/\/hablemosclarotdf.com.ar\/?p=32153","title":{"rendered":"RIO GRANDE : CONDOLENCIAS"},"content":{"rendered":"<p>El intendente Mart\u00edn Perez y todo el gabinete municipal lamentan con profundo pesar el fallecimiento de quien en vida fuera, Osbaldo C\u00e9sar Arce, Veterano de la Guerra de Malvinas.<\/p>\n<p>Osbaldo perteneci\u00f3 a la Armada Argentina y form\u00f3 parte de la dotaci\u00f3n del Batall\u00f3n de Veh\u00edculos Anfibios N\u00ba 1 durante el conflicto b\u00e9lico de 1982. Adem\u00e1s de ser un querido vecino de nuestra ciudad, ser\u00e1 por siempre un h\u00e9roe de la Patria. Con gran cari\u00f1o y respeto lo recordar\u00e1n quienes lo conocieron.<\/p>\n<p>En este doloroso momento, el Intendente, miembros del Gabinete y trabajadores municipales hacen llegar su acompa\u00f1amiento a familiares y seres queridos, deseando que encuentren paz y consuelo.<\/p>\n","protected":false},"excerpt":{"rendered":"<p>El intendente Mart\u00edn Perez y todo el gabinete municipal lamentan con profundo pesar el fallecimiento&#8230;<\/p>\n","protected":false},"author":1,"featured_media":32154,"comment_status":"closed","ping_status":"closed","sticky":false,"template":"","format":"standard","meta":{"footnotes":""},"categories":[3],"tags":[],"class_list":["post-32153","post","type-post","status-publish","format-standard","has-post-thumbnail","hentry","category-noticias"],"jetpack_featured_media_url":"https:\/\/hablemosclarotdf.com.ar\/wp-content\/uploads\/2025\/03\/download-4.jpg","_links":{"self":[{"href":"https:\/\/hablemosclarotdf.com.ar\/index.php?rest_route=\/wp\/v2\/posts\/32153","targetHints":{"allow":["GET"]}}],"collection":[{"href":"https:\/\/hablemosclarotdf.com.ar\/index.php?rest_route=\/wp\/v2\/posts"}],"about":[{"href":"https:\/\/hablemosclarotdf.com.ar\/index.php?rest_route=\/wp\/v2\/types\/post"}],"author":[{"embeddable":true,"href":"https:\/\/hablemosclarotdf.com.ar\/index.php?rest_route=\/wp\/v2\/users\/1"}],"replies":[{"embeddable":true,"href":"https:\/\/hablemosclarotdf.com.ar\/index.php?rest_route=%2Fwp%2Fv2%2Fcomments&post=32153"}],"version-history":[{"count":1,"href":"https:\/\/hablemosclarotdf.com.ar\/index.php?rest_route=\/wp\/v2\/posts\/32153\/revisions"}],"predecessor-version":[{"id":32155,"href":"https:\/\/hablemosclarotdf.com.ar\/index.php?rest_route=\/wp\/v2\/posts\/32153\/revisions\/32155"}],"wp:featuredmedia":[{"embeddable":true,"href":"https:\/\/hablemosclarotdf.com.ar\/index.php?rest_route=\/wp\/v2\/media\/32154"}],"wp:attachment":[{"href":"https:\/\/hablemosclarotdf.com.ar\/index.php?rest_route=%2Fwp%2Fv2%2Fmedia&parent=32153"}],"wp:term":[{"taxonomy":"category","embeddable":true,"href":"https:\/\/hablemosclarotdf.com.ar\/index.php?rest_route=%2Fwp%2Fv2%2Fcategories&post=32153"},{"taxonomy":"post_tag","embeddable":true,"href":"https:\/\/hablemosclarotdf.com.ar\/index.php?rest_route=%2Fwp%2Fv2%2Ftags&post=32153"}],"curies":[{"name":"wp","href":"https:\/\/api.w.org\/{rel}","templated":true}]}}