{"id":31980,"date":"2025-03-29T17:01:17","date_gmt":"2025-03-29T20:01:17","guid":{"rendered":"https:\/\/hablemosclarotdf.com.ar\/?p=31980"},"modified":"2025-03-29T17:01:17","modified_gmt":"2025-03-29T20:01:17","slug":"rio-grande-condolencias-18","status":"publish","type":"post","link":"https:\/\/hablemosclarotdf.com.ar\/?p=31980","title":{"rendered":"RIO GRANDE : CONDOLENCIAS"},"content":{"rendered":"<p>El intendente Mart\u00edn Perez y todo el gabinete municipal lamentan con profundo pesar el fallecimiento de Ram\u00f3n Osvaldo Villarroel, quien se desempe\u00f1aba como Subsecretario de Medios P\u00fablicos del Gobierno Provincial y tambi\u00e9n como parte de la Televisi\u00f3n P\u00fablica Fueguina.<\/p>\n<p>Ram\u00f3n trabaj\u00f3 por a\u00f1os en el \u00e1mbito estatal con gran compromiso, compa\u00f1erismo y vocaci\u00f3n. Ser\u00e1 recordado por siempre con gran cari\u00f1o y respeto por quienes lo conocieron.<\/p>\n<p>En este doloroso momento, el Intendente, miembros del Gabinete y trabajadores municipales hacen llegar su acompa\u00f1amiento a familiares y seres queridos, deseando que encuentren paz y consuelo.<\/p>\n","protected":false},"excerpt":{"rendered":"<p>El intendente Mart\u00edn Perez y todo el gabinete municipal lamentan con profundo pesar el fallecimiento&#8230;<\/p>\n","protected":false},"author":1,"featured_media":31981,"comment_status":"closed","ping_status":"closed","sticky":false,"template":"","format":"standard","meta":{"footnotes":""},"categories":[3],"tags":[],"class_list":["post-31980","post","type-post","status-publish","format-standard","has-post-thumbnail","hentry","category-noticias"],"jetpack_featured_media_url":"https:\/\/hablemosclarotdf.com.ar\/wp-content\/uploads\/2025\/03\/download-3.jpg","_links":{"self":[{"href":"https:\/\/hablemosclarotdf.com.ar\/index.php?rest_route=\/wp\/v2\/posts\/31980","targetHints":{"allow":["GET"]}}],"collection":[{"href":"https:\/\/hablemosclarotdf.com.ar\/index.php?rest_route=\/wp\/v2\/posts"}],"about":[{"href":"https:\/\/hablemosclarotdf.com.ar\/index.php?rest_route=\/wp\/v2\/types\/post"}],"author":[{"embeddable":true,"href":"https:\/\/hablemosclarotdf.com.ar\/index.php?rest_route=\/wp\/v2\/users\/1"}],"replies":[{"embeddable":true,"href":"https:\/\/hablemosclarotdf.com.ar\/index.php?rest_route=%2Fwp%2Fv2%2Fcomments&post=31980"}],"version-history":[{"count":1,"href":"https:\/\/hablemosclarotdf.com.ar\/index.php?rest_route=\/wp\/v2\/posts\/31980\/revisions"}],"predecessor-version":[{"id":31982,"href":"https:\/\/hablemosclarotdf.com.ar\/index.php?rest_route=\/wp\/v2\/posts\/31980\/revisions\/31982"}],"wp:featuredmedia":[{"embeddable":true,"href":"https:\/\/hablemosclarotdf.com.ar\/index.php?rest_route=\/wp\/v2\/media\/31981"}],"wp:attachment":[{"href":"https:\/\/hablemosclarotdf.com.ar\/index.php?rest_route=%2Fwp%2Fv2%2Fmedia&parent=31980"}],"wp:term":[{"taxonomy":"category","embeddable":true,"href":"https:\/\/hablemosclarotdf.com.ar\/index.php?rest_route=%2Fwp%2Fv2%2Fcategories&post=31980"},{"taxonomy":"post_tag","embeddable":true,"href":"https:\/\/hablemosclarotdf.com.ar\/index.php?rest_route=%2Fwp%2Fv2%2Ftags&post=31980"}],"curies":[{"name":"wp","href":"https:\/\/api.w.org\/{rel}","templated":true}]}}