{"id":31977,"date":"2025-03-29T16:52:24","date_gmt":"2025-03-29T19:52:24","guid":{"rendered":"https:\/\/hablemosclarotdf.com.ar\/?p=31977"},"modified":"2025-03-29T16:52:24","modified_gmt":"2025-03-29T19:52:24","slug":"condolencias-6","status":"publish","type":"post","link":"https:\/\/hablemosclarotdf.com.ar\/?p=31977","title":{"rendered":"CONDOLENCIAS ."},"content":{"rendered":"<p>El Gobierno de la Provincia de Tierra del Fuego, Ant\u00e1rtida e Islas del Atl\u00e1ntico Sur expresa su profundo pesar por el fallecimiento de Ram\u00f3n Villarroel, un gran compa\u00f1ero y trabajador incansable en la gesti\u00f3n, quien se desempe\u00f1aba como Subsecretario de Medios P\u00fablicos y tambi\u00e9n como parte de la Televisi\u00f3n P\u00fablica Fueguina.<\/p>\n<p>Esta noticia nos golpea en lo m\u00e1s profundo. Ram\u00f3n deja una huella imborrable en quienes compartieron junto a \u00e9l su camino. Su compromiso, calidez y compa\u00f1erismo ser\u00e1n siempre recordados.<\/p>\n<p>En este momento de profundo dolor, enviamos nuestro m\u00e1s sentido p\u00e9same a su familia, a sus compa\u00f1eros de trabajo y a sus seres queridos.<\/p>\n<p>Que en paz descanse.<\/p>\n","protected":false},"excerpt":{"rendered":"<p>El Gobierno de la Provincia de Tierra del Fuego, Ant\u00e1rtida e Islas del Atl\u00e1ntico Sur&#8230;<\/p>\n","protected":false},"author":1,"featured_media":31978,"comment_status":"closed","ping_status":"closed","sticky":false,"template":"","format":"standard","meta":{"footnotes":""},"categories":[3],"tags":[],"class_list":["post-31977","post","type-post","status-publish","format-standard","has-post-thumbnail","hentry","category-noticias"],"jetpack_featured_media_url":"https:\/\/hablemosclarotdf.com.ar\/wp-content\/uploads\/2025\/03\/photo_2025-03-29_16-49-26.jpg","_links":{"self":[{"href":"https:\/\/hablemosclarotdf.com.ar\/index.php?rest_route=\/wp\/v2\/posts\/31977","targetHints":{"allow":["GET"]}}],"collection":[{"href":"https:\/\/hablemosclarotdf.com.ar\/index.php?rest_route=\/wp\/v2\/posts"}],"about":[{"href":"https:\/\/hablemosclarotdf.com.ar\/index.php?rest_route=\/wp\/v2\/types\/post"}],"author":[{"embeddable":true,"href":"https:\/\/hablemosclarotdf.com.ar\/index.php?rest_route=\/wp\/v2\/users\/1"}],"replies":[{"embeddable":true,"href":"https:\/\/hablemosclarotdf.com.ar\/index.php?rest_route=%2Fwp%2Fv2%2Fcomments&post=31977"}],"version-history":[{"count":1,"href":"https:\/\/hablemosclarotdf.com.ar\/index.php?rest_route=\/wp\/v2\/posts\/31977\/revisions"}],"predecessor-version":[{"id":31979,"href":"https:\/\/hablemosclarotdf.com.ar\/index.php?rest_route=\/wp\/v2\/posts\/31977\/revisions\/31979"}],"wp:featuredmedia":[{"embeddable":true,"href":"https:\/\/hablemosclarotdf.com.ar\/index.php?rest_route=\/wp\/v2\/media\/31978"}],"wp:attachment":[{"href":"https:\/\/hablemosclarotdf.com.ar\/index.php?rest_route=%2Fwp%2Fv2%2Fmedia&parent=31977"}],"wp:term":[{"taxonomy":"category","embeddable":true,"href":"https:\/\/hablemosclarotdf.com.ar\/index.php?rest_route=%2Fwp%2Fv2%2Fcategories&post=31977"},{"taxonomy":"post_tag","embeddable":true,"href":"https:\/\/hablemosclarotdf.com.ar\/index.php?rest_route=%2Fwp%2Fv2%2Ftags&post=31977"}],"curies":[{"name":"wp","href":"https:\/\/api.w.org\/{rel}","templated":true}]}}