{"id":31971,"date":"2025-03-29T16:42:22","date_gmt":"2025-03-29T19:42:22","guid":{"rendered":"https:\/\/hablemosclarotdf.com.ar\/?p=31971"},"modified":"2025-03-29T16:42:22","modified_gmt":"2025-03-29T19:42:22","slug":"ushuaia-la-secretaria-de-turismo-presenta-la-muestra-fotografica-ningun-suelo-mas-querido","status":"publish","type":"post","link":"https:\/\/hablemosclarotdf.com.ar\/?p=31971","title":{"rendered":"USHUAIA : LA SECRETAR\u00cdA DE TURISMO PRESENTA LA MUESTRA FOTOGR\u00c1FICA &#8220;NING\u00daN SUELO M\u00c1S QUERIDO&#8221;"},"content":{"rendered":"<p>En el marco de las actividades por el D\u00eda del Veterano y de los Ca\u00eddos en la Gesta de Malvinas, que se conmemorar\u00e1 el pr\u00f3ximo 2 de abril, la Secretar\u00eda de Turismo de la Municipalidad de Ushuaia presentar\u00e1 la muestra fotogr\u00e1fica &#8220;Ning\u00fan suelo m\u00e1s querido&#8221;, de Andr\u00e9s Camacho.<br \/>\nSe podr\u00e1 visitar del 3 de abril al 3 de mayo en la sede de atenci\u00f3n tur\u00edstica del puerto, ubicada en avenida Prefectura Naval 470.<br \/>\nEl acceso ser\u00e1 libre y gratuito de lunes a viernes de 8.30 a 20.30, s\u00e1bados y domingos de 9 a 20 y feriados de 9 a 18.<\/p>\n","protected":false},"excerpt":{"rendered":"<p>En el marco de las actividades por el D\u00eda del Veterano y de los Ca\u00eddos&#8230;<\/p>\n","protected":false},"author":1,"featured_media":31972,"comment_status":"closed","ping_status":"closed","sticky":false,"template":"","format":"standard","meta":{"footnotes":""},"categories":[3],"tags":[],"class_list":["post-31971","post","type-post","status-publish","format-standard","has-post-thumbnail","hentry","category-noticias"],"jetpack_featured_media_url":"https:\/\/hablemosclarotdf.com.ar\/wp-content\/uploads\/2025\/03\/photo_2025-03-29_16-41-24.jpg","_links":{"self":[{"href":"https:\/\/hablemosclarotdf.com.ar\/index.php?rest_route=\/wp\/v2\/posts\/31971","targetHints":{"allow":["GET"]}}],"collection":[{"href":"https:\/\/hablemosclarotdf.com.ar\/index.php?rest_route=\/wp\/v2\/posts"}],"about":[{"href":"https:\/\/hablemosclarotdf.com.ar\/index.php?rest_route=\/wp\/v2\/types\/post"}],"author":[{"embeddable":true,"href":"https:\/\/hablemosclarotdf.com.ar\/index.php?rest_route=\/wp\/v2\/users\/1"}],"replies":[{"embeddable":true,"href":"https:\/\/hablemosclarotdf.com.ar\/index.php?rest_route=%2Fwp%2Fv2%2Fcomments&post=31971"}],"version-history":[{"count":1,"href":"https:\/\/hablemosclarotdf.com.ar\/index.php?rest_route=\/wp\/v2\/posts\/31971\/revisions"}],"predecessor-version":[{"id":31973,"href":"https:\/\/hablemosclarotdf.com.ar\/index.php?rest_route=\/wp\/v2\/posts\/31971\/revisions\/31973"}],"wp:featuredmedia":[{"embeddable":true,"href":"https:\/\/hablemosclarotdf.com.ar\/index.php?rest_route=\/wp\/v2\/media\/31972"}],"wp:attachment":[{"href":"https:\/\/hablemosclarotdf.com.ar\/index.php?rest_route=%2Fwp%2Fv2%2Fmedia&parent=31971"}],"wp:term":[{"taxonomy":"category","embeddable":true,"href":"https:\/\/hablemosclarotdf.com.ar\/index.php?rest_route=%2Fwp%2Fv2%2Fcategories&post=31971"},{"taxonomy":"post_tag","embeddable":true,"href":"https:\/\/hablemosclarotdf.com.ar\/index.php?rest_route=%2Fwp%2Fv2%2Ftags&post=31971"}],"curies":[{"name":"wp","href":"https:\/\/api.w.org\/{rel}","templated":true}]}}