{"id":31966,"date":"2025-03-29T13:34:42","date_gmt":"2025-03-29T16:34:42","guid":{"rendered":"https:\/\/hablemosclarotdf.com.ar\/?p=31966"},"modified":"2025-03-29T13:34:42","modified_gmt":"2025-03-29T16:34:42","slug":"rio-grande-con-mayor-conciencia-ambiental","status":"publish","type":"post","link":"https:\/\/hablemosclarotdf.com.ar\/?p=31966","title":{"rendered":"R\u00cdO GRANDE CON MAYOR CONCIENCIA AMBIENTAL"},"content":{"rendered":"<p>Se recuperaron m\u00e1s de 100 toneladas de residuos en la ciudad, gracias al compromiso del Municipio y las y los riograndenses para impulsar el reciclado en R\u00edo Grande. Dicha recolecci\u00f3n fue posible mediante los m\u00e1s de 100 Ecopuntos y el acopio diferenciado de cart\u00f3n de los comercios. A trav\u00e9s de acciones concretas, el Estado Municipal promueve el cuidado del ambiente, trazando un camino de concientizaci\u00f3n y responsabilidad.<\/p>\n<p>En un esfuerzo por promover el cuidado del medioambiente, durante el a\u00f1o 2024, la Direcci\u00f3n de Ambiente del Municipio de R\u00edo Grande logr\u00f3 recolectar un total de 100 toneladas de residuos reciclables.<\/p>\n<p>A lo largo del a\u00f1o pasado, se recolectaron 2.640 kg de latas de aluminio y 79.660 kg de botellas de pl\u00e1stico PET, gracias al compromiso de los vecinos y vecinas con los distintos Ecopuntos distribuidos por la ciudad. Asimismo, se logr\u00f3 acopiar 37.041 kg de cart\u00f3n, resultado que fue posible debido a la adhesi\u00f3n de los comercios a la recolecci\u00f3n diferenciada de este material.<\/p>\n<p>Como fruto de este esfuerzo en conjunto, los materiales recolectados fueron entregados a empresas recuperadoras de la ciudad para su posterior reciclaje, generando as\u00ed empleo genuino y verde.<\/p>\n<p>Es de mencionar que, aquellos comercios interesados en adherirse a la recolecci\u00f3n diferenciada de cart\u00f3n pueden comunicarse v\u00eda mail a ecologiamrg@gmail.com, bajo el asunto: Recolecci\u00f3n diferenciada.<\/p>\n<p>De esta manera, el Estado Municipal contin\u00faa trabajando en pol\u00edticas p\u00fablicas que generen entornos m\u00e1s verdes y limpios, y construir entre todos una R\u00edo Grande para toda la vida.<\/p>\n<p><img loading=\"lazy\" decoding=\"async\" class=\"alignnone size-medium wp-image-31968\" src=\"https:\/\/hablemosclarotdf.com.ar\/wp-content\/uploads\/2025\/03\/photo_2025-03-29_13-33-48-300x200.jpg\" alt=\"\" width=\"300\" height=\"200\" srcset=\"https:\/\/hablemosclarotdf.com.ar\/wp-content\/uploads\/2025\/03\/photo_2025-03-29_13-33-48-300x200.jpg 300w, https:\/\/hablemosclarotdf.com.ar\/wp-content\/uploads\/2025\/03\/photo_2025-03-29_13-33-48-1024x682.jpg 1024w, https:\/\/hablemosclarotdf.com.ar\/wp-content\/uploads\/2025\/03\/photo_2025-03-29_13-33-48-768x511.jpg 768w, https:\/\/hablemosclarotdf.com.ar\/wp-content\/uploads\/2025\/03\/photo_2025-03-29_13-33-48.jpg 1280w\" sizes=\"auto, (max-width: 300px) 100vw, 300px\" \/> <img loading=\"lazy\" decoding=\"async\" class=\"alignnone size-medium wp-image-31969\" src=\"https:\/\/hablemosclarotdf.com.ar\/wp-content\/uploads\/2025\/03\/photo_2025-03-29_13-33-54-300x200.jpg\" alt=\"\" width=\"300\" height=\"200\" srcset=\"https:\/\/hablemosclarotdf.com.ar\/wp-content\/uploads\/2025\/03\/photo_2025-03-29_13-33-54-300x200.jpg 300w, https:\/\/hablemosclarotdf.com.ar\/wp-content\/uploads\/2025\/03\/photo_2025-03-29_13-33-54-1024x683.jpg 1024w, https:\/\/hablemosclarotdf.com.ar\/wp-content\/uploads\/2025\/03\/photo_2025-03-29_13-33-54-768x512.jpg 768w, https:\/\/hablemosclarotdf.com.ar\/wp-content\/uploads\/2025\/03\/photo_2025-03-29_13-33-54.jpg 1280w\" sizes=\"auto, (max-width: 300px) 100vw, 300px\" \/><\/p>\n","protected":false},"excerpt":{"rendered":"<p>Se recuperaron m\u00e1s de 100 toneladas de residuos en la ciudad, gracias al compromiso del&#8230;<\/p>\n","protected":false},"author":1,"featured_media":31967,"comment_status":"closed","ping_status":"closed","sticky":false,"template":"","format":"standard","meta":{"footnotes":""},"categories":[3],"tags":[],"class_list":["post-31966","post","type-post","status-publish","format-standard","has-post-thumbnail","hentry","category-noticias"],"jetpack_featured_media_url":"https:\/\/hablemosclarotdf.com.ar\/wp-content\/uploads\/2025\/03\/photo_2025-03-29_13-33-41.jpg","_links":{"self":[{"href":"https:\/\/hablemosclarotdf.com.ar\/index.php?rest_route=\/wp\/v2\/posts\/31966","targetHints":{"allow":["GET"]}}],"collection":[{"href":"https:\/\/hablemosclarotdf.com.ar\/index.php?rest_route=\/wp\/v2\/posts"}],"about":[{"href":"https:\/\/hablemosclarotdf.com.ar\/index.php?rest_route=\/wp\/v2\/types\/post"}],"author":[{"embeddable":true,"href":"https:\/\/hablemosclarotdf.com.ar\/index.php?rest_route=\/wp\/v2\/users\/1"}],"replies":[{"embeddable":true,"href":"https:\/\/hablemosclarotdf.com.ar\/index.php?rest_route=%2Fwp%2Fv2%2Fcomments&post=31966"}],"version-history":[{"count":1,"href":"https:\/\/hablemosclarotdf.com.ar\/index.php?rest_route=\/wp\/v2\/posts\/31966\/revisions"}],"predecessor-version":[{"id":31970,"href":"https:\/\/hablemosclarotdf.com.ar\/index.php?rest_route=\/wp\/v2\/posts\/31966\/revisions\/31970"}],"wp:featuredmedia":[{"embeddable":true,"href":"https:\/\/hablemosclarotdf.com.ar\/index.php?rest_route=\/wp\/v2\/media\/31967"}],"wp:attachment":[{"href":"https:\/\/hablemosclarotdf.com.ar\/index.php?rest_route=%2Fwp%2Fv2%2Fmedia&parent=31966"}],"wp:term":[{"taxonomy":"category","embeddable":true,"href":"https:\/\/hablemosclarotdf.com.ar\/index.php?rest_route=%2Fwp%2Fv2%2Fcategories&post=31966"},{"taxonomy":"post_tag","embeddable":true,"href":"https:\/\/hablemosclarotdf.com.ar\/index.php?rest_route=%2Fwp%2Fv2%2Ftags&post=31966"}],"curies":[{"name":"wp","href":"https:\/\/api.w.org\/{rel}","templated":true}]}}