{"id":31960,"date":"2025-03-29T11:28:53","date_gmt":"2025-03-29T14:28:53","guid":{"rendered":"https:\/\/hablemosclarotdf.com.ar\/?p=31960"},"modified":"2025-03-29T11:28:53","modified_gmt":"2025-03-29T14:28:53","slug":"se-encuentra-abierta-la-convocatoria-para-la-8-edicion-del-festival-de-cine-nacional-cine-en-grande","status":"publish","type":"post","link":"https:\/\/hablemosclarotdf.com.ar\/?p=31960","title":{"rendered":"SE ENCUENTRA ABIERTA LA CONVOCATORIA PARA LA 8\u00b0 EDICI\u00d3N DEL FESTIVAL DE CINE NACIONAL \u201cCINE EN GRANDE\u201d"},"content":{"rendered":"<p>La Secretar\u00eda de Cultura informa que se encuentra abierta la convocatoria oficial para participar de la 8\u00b0 edici\u00f3n del Festival de Cine Nacional \u201cCine en Grande\u201d, dirigida a realizadores audiovisuales de todo el pa\u00eds.<\/p>\n<p>Los interesados pueden inscribirse hasta el 11 de abril a trav\u00e9s del siguiente formulario https:\/\/forms.gle\/kdEWwuXa1aMkraSH9, donde se encontrar\u00e1n con las bases y condiciones para la inscripci\u00f3n.<\/p>\n<p>Cabe resaltar que el Festival tiene como prop\u00f3sito acercar la cinematograf\u00eda argentina a la provincia, fomentar el encuentro entre profesionales y contribuir al desarrollo de la industria audiovisual en la regi\u00f3n.<\/p>\n<p>Adem\u00e1s, es importante mencionar que los realizadores y productores nacionales y de la Patagonia chilena podr\u00e1n postular sus obras en diversas secciones competitivas del festival.<\/p>\n<p>Las categor\u00edas participantes son:<br \/>\n* Selecci\u00f3n oficial Nacional de Largometrajes<br \/>\n* Selecci\u00f3n oficial Patag\u00f3nica de Largometrajes Bi-nacional Argentina-Chile<br \/>\n* Selecci\u00f3n oficial Nacional de Cortometrajes<br \/>\n* Selecci\u00f3n oficial Patag\u00f3nica de Cortometrajes Bi-nacional Argentina-Chile<br \/>\n* Selecci\u00f3n oficial Nacional de Videoclips<\/p>\n<p>Adem\u00e1s, este a\u00f1o el festival ampli\u00f3 su propuesta con nuevas secciones en competencia:<br \/>\n* Selecci\u00f3n oficial Nacional de Video Minuto<br \/>\n* Selecci\u00f3n oficial Nacional de Video Arte-Experimental y Nuevas Tecnolog\u00edas<\/p>\n<p>Desde Cultura, manifestaron que el festival se llevar\u00e1 a cabo en distintas sedes de la provincia, reafirmando su car\u00e1cter itinerante y brindando a la comunidad la oportunidad de disfrutar de cine de calidad en entornos \u00fanicos.<\/p>\n<p>Como en cada edici\u00f3n, contar\u00e1 con una competencia oficial, en la que un jurado de prestigio premiar\u00e1 las mejores producciones. Adem\u00e1s, el p\u00fablico podr\u00e1 participar de charlas abiertas, talleres y seminarios con entrada libre y gratuita.<\/p>\n<p>\u201cCine en Grande\u201d se llevar\u00e1 a cabo del 11 al 15 de junio de 2025 en las ciudades de R\u00edo Grande, Tolhuin y Ushuaia, con entrada libre y gratuita.<\/p>\n<p>Pr\u00f3ximamente se anunciar\u00e1 la programaci\u00f3n completa y las fechas de cada proyecci\u00f3n del festival. Para m\u00e1s informaci\u00f3n seguir las redes sociales de @cineengrande, @findelmundo.gob.ar y @conocimientotdf.<\/p>\n","protected":false},"excerpt":{"rendered":"<p>La Secretar\u00eda de Cultura informa que se encuentra abierta la convocatoria oficial para participar de&#8230;<\/p>\n","protected":false},"author":1,"featured_media":31961,"comment_status":"closed","ping_status":"closed","sticky":false,"template":"","format":"standard","meta":{"footnotes":""},"categories":[3],"tags":[],"class_list":["post-31960","post","type-post","status-publish","format-standard","has-post-thumbnail","hentry","category-noticias"],"jetpack_featured_media_url":"https:\/\/hablemosclarotdf.com.ar\/wp-content\/uploads\/2025\/03\/photo_2025-03-29_11-27-31.jpg","_links":{"self":[{"href":"https:\/\/hablemosclarotdf.com.ar\/index.php?rest_route=\/wp\/v2\/posts\/31960","targetHints":{"allow":["GET"]}}],"collection":[{"href":"https:\/\/hablemosclarotdf.com.ar\/index.php?rest_route=\/wp\/v2\/posts"}],"about":[{"href":"https:\/\/hablemosclarotdf.com.ar\/index.php?rest_route=\/wp\/v2\/types\/post"}],"author":[{"embeddable":true,"href":"https:\/\/hablemosclarotdf.com.ar\/index.php?rest_route=\/wp\/v2\/users\/1"}],"replies":[{"embeddable":true,"href":"https:\/\/hablemosclarotdf.com.ar\/index.php?rest_route=%2Fwp%2Fv2%2Fcomments&post=31960"}],"version-history":[{"count":1,"href":"https:\/\/hablemosclarotdf.com.ar\/index.php?rest_route=\/wp\/v2\/posts\/31960\/revisions"}],"predecessor-version":[{"id":31962,"href":"https:\/\/hablemosclarotdf.com.ar\/index.php?rest_route=\/wp\/v2\/posts\/31960\/revisions\/31962"}],"wp:featuredmedia":[{"embeddable":true,"href":"https:\/\/hablemosclarotdf.com.ar\/index.php?rest_route=\/wp\/v2\/media\/31961"}],"wp:attachment":[{"href":"https:\/\/hablemosclarotdf.com.ar\/index.php?rest_route=%2Fwp%2Fv2%2Fmedia&parent=31960"}],"wp:term":[{"taxonomy":"category","embeddable":true,"href":"https:\/\/hablemosclarotdf.com.ar\/index.php?rest_route=%2Fwp%2Fv2%2Fcategories&post=31960"},{"taxonomy":"post_tag","embeddable":true,"href":"https:\/\/hablemosclarotdf.com.ar\/index.php?rest_route=%2Fwp%2Fv2%2Ftags&post=31960"}],"curies":[{"name":"wp","href":"https:\/\/api.w.org\/{rel}","templated":true}]}}