{"id":31954,"date":"2025-03-29T11:23:32","date_gmt":"2025-03-29T14:23:32","guid":{"rendered":"https:\/\/hablemosclarotdf.com.ar\/?p=31954"},"modified":"2025-03-29T11:23:32","modified_gmt":"2025-03-29T14:23:32","slug":"rio-grande-llega-el-ciclo-teatro-malvinas","status":"publish","type":"post","link":"https:\/\/hablemosclarotdf.com.ar\/?p=31954","title":{"rendered":"RIO GRANDE : LLEGA EL CICLO &#8220;TEATRO MALVINAS&#8221;"},"content":{"rendered":"<p>En el marco de la semana de Malvinas, el Municipio de R\u00edo Grande, a trav\u00e9s de la Subsecretar\u00eda de Cultura, llevar\u00e1 a adelante por cuarto a\u00f1o consecutivo, esta propuesta art\u00edstica en la Casa de la Cultura, este s\u00e1bado 29 y domingo 30 de marzo, con el objetivo de continuar promoviendo la causa Malvinas por medio del arte<\/p>\n<p>Dicha propuesta cultural, a cargo del Taller Municipal de Teatro, se realizar\u00e1 el d\u00eda s\u00e1bado 29 a las 21:00 horas en la Casa de la Cultura, mientras que el domingo 30 de marzo la funci\u00f3n ser\u00e1 a las 19:30 horas. Cabe resaltar que, ambas funciones son con entrada libre y gratuita, ingresando por orden de llegada.<\/p>\n<p>El Taller Municipal de Teatro, a cargo del Director Ariel Chilelli, ser\u00e1n los protagonistas del ciclo teatral \u201cTeatro Malvinas\u201d, el cual se viene desarrollando a\u00f1o tras a\u00f1o, para conmemorar a nivel art\u00edstico, esta fecha tan significativa para los riograndenses.<\/p>\n<p>En esta oportunidad, la propuesta cultural brindar\u00e1 dos funciones, donde presentaran las obras: \u201cLos Hombres vuelven al monte\u201d del autor Fabi\u00e1n Diaz y \u201cEl Fusil de Madera\u201d de Dulio Lanzoni. Cabe destacar que, en esta \u00faltima pieza el autor fue parte de la gesta de Malvinas prestando servicios en nuestra ciudad. En la actualidad, despu\u00e9s de 40 a\u00f1os de su estreno, se har\u00e1 lo mismo en la localidad que lo inspir\u00f3 para escribirla.<\/p>\n<p>\u201cEl Fusil de Madera\u201d, fue la primer obra teatral escrita y representada en Argentina luego del conflicto b\u00e9lico. En esta pieza, se pueden apreciar sentimientos y realidades vividas durante el transcurso de este hecho historico. La obra est\u00e1 protagonizada por Mat\u00edas Aburto, Yolanda Barria, Jos\u00e9 Alazard, Maria Cristina Torres, Hern\u00e1n Mayol, Salom\u00f3n Diaz y Osvaldo Rivero.<\/p>\n<p>Por su parte, \u201cLos hombres vuelven al monte\u201d, se trata de un unipersonal, protagonizado por Jerem\u00edas Velazquez, que deja al descubierto las verdaderas secuelas de la guerra.<\/p>\n<p>Las funciones se realizar\u00e1n el d\u00eda S\u00e1bado 29 a las 21:00 hs y el domingo 30 de marzo a las 19:30 horas en la Casa de la cultura. Ambas funciones son de entrada libre y gratuita, ingresando por orden de llegada.<\/p>\n<p>Por medio de estas propuestas, el Municipio trabaja de manera constante para fomentar la malvinizaci\u00f3n mediante el arte y las distintas expresiones culturales, con el objetivo de continuar sensibilizando a la comunidad sobre esta tem\u00e1tica.<\/p>\n","protected":false},"excerpt":{"rendered":"<p>En el marco de la semana de Malvinas, el Municipio de R\u00edo Grande, a trav\u00e9s&#8230;<\/p>\n","protected":false},"author":1,"featured_media":31955,"comment_status":"closed","ping_status":"closed","sticky":false,"template":"","format":"standard","meta":{"footnotes":""},"categories":[3],"tags":[],"class_list":["post-31954","post","type-post","status-publish","format-standard","has-post-thumbnail","hentry","category-noticias"],"jetpack_featured_media_url":"https:\/\/hablemosclarotdf.com.ar\/wp-content\/uploads\/2025\/03\/photo_2025-03-29_11-22-58.jpg","_links":{"self":[{"href":"https:\/\/hablemosclarotdf.com.ar\/index.php?rest_route=\/wp\/v2\/posts\/31954","targetHints":{"allow":["GET"]}}],"collection":[{"href":"https:\/\/hablemosclarotdf.com.ar\/index.php?rest_route=\/wp\/v2\/posts"}],"about":[{"href":"https:\/\/hablemosclarotdf.com.ar\/index.php?rest_route=\/wp\/v2\/types\/post"}],"author":[{"embeddable":true,"href":"https:\/\/hablemosclarotdf.com.ar\/index.php?rest_route=\/wp\/v2\/users\/1"}],"replies":[{"embeddable":true,"href":"https:\/\/hablemosclarotdf.com.ar\/index.php?rest_route=%2Fwp%2Fv2%2Fcomments&post=31954"}],"version-history":[{"count":1,"href":"https:\/\/hablemosclarotdf.com.ar\/index.php?rest_route=\/wp\/v2\/posts\/31954\/revisions"}],"predecessor-version":[{"id":31956,"href":"https:\/\/hablemosclarotdf.com.ar\/index.php?rest_route=\/wp\/v2\/posts\/31954\/revisions\/31956"}],"wp:featuredmedia":[{"embeddable":true,"href":"https:\/\/hablemosclarotdf.com.ar\/index.php?rest_route=\/wp\/v2\/media\/31955"}],"wp:attachment":[{"href":"https:\/\/hablemosclarotdf.com.ar\/index.php?rest_route=%2Fwp%2Fv2%2Fmedia&parent=31954"}],"wp:term":[{"taxonomy":"category","embeddable":true,"href":"https:\/\/hablemosclarotdf.com.ar\/index.php?rest_route=%2Fwp%2Fv2%2Fcategories&post=31954"},{"taxonomy":"post_tag","embeddable":true,"href":"https:\/\/hablemosclarotdf.com.ar\/index.php?rest_route=%2Fwp%2Fv2%2Ftags&post=31954"}],"curies":[{"name":"wp","href":"https:\/\/api.w.org\/{rel}","templated":true}]}}