{"id":30679,"date":"2025-03-17T20:50:16","date_gmt":"2025-03-17T23:50:16","guid":{"rendered":"https:\/\/hablemosclarotdf.com.ar\/?p=30679"},"modified":"2025-03-17T20:50:16","modified_gmt":"2025-03-17T23:50:16","slug":"ushuaia-la-municipalidad-impulsara-la-campana-de-creacion-colectiva-bordando-soberania","status":"publish","type":"post","link":"https:\/\/hablemosclarotdf.com.ar\/?p=30679","title":{"rendered":"USHUAIA : LA MUNICIPALIDAD  IMPULSAR\u00c1 LA CAMPA\u00d1A DE CREACI\u00d3N COLECTIVA \u201cBORDANDO SOBERAN\u00cdA\u201d"},"content":{"rendered":"<p>La propuesta se llevar\u00e1 adelante los d\u00edas mi\u00e9rcoles y s\u00e1bados del mes de marzo<\/p>\n<p>La Municipalidad de Ushuaia, en una propuesta conjunta de la Secretar\u00eda de Cultura y Educaci\u00f3n y la Secretar\u00eda de Asuntos Malvinas, llevar\u00e1 adelante la campa\u00f1a de creaci\u00f3n colectiva \u201cBordando Soberan\u00eda\u201d a realizarse los d\u00edas mi\u00e9rcoles de 18:00 a 20:00 horas y s\u00e1bado de 17:00 a 19:00 horas del mes de marzo.<br \/>\nDicha propuesta, que busca generar un espacio donde vecinos y vecinas comparten saberes vinculados al arte textil y cuenta con el acompa\u00f1amiento del Centro de Ex-Combatientes de Malvinas en Ushuaia, trabajar\u00e1n bajo la consigna del 43\u00b0 Aniversario de la Gesta de Malvinas dando inicio el d\u00eda mi\u00e9rcoles 19 en el Museo Pensar Malvinas, el d\u00eda s\u00e1bado 22 en el Foyer de la Casa de la Cultura, y los d\u00edas mi\u00e9rcoles 26 y s\u00e1bado 29 en la Antigua Casa Beban.<br \/>\nBel\u00e9n Molina, secretaria de Cultura y Educaci\u00f3n, resalt\u00f3 que \u201cesta propuesta viene a fortalecer nuestro v\u00ednculo con la Causa Malvinas, utilizando el arte textil como veh\u00edculo para seguir malvinizando y construyendo espacios de encuentro para la comunidad\u201d.<br \/>\nPor su parte el secretario de Asuntos Malvinas, Dante Asili, recalc\u00f3 que \u201cnos pone muy contentos ver que esta iniciativa es una pol\u00edtica p\u00fablica que se sostiene en el tiempo y permite abordar el tema Malvinas desde otra perspectiva a trav\u00e9s de una actividad terap\u00e9utica como es el bordado\u201d.<br \/>\nQui\u00e9nes deseen conocer m\u00e1s sobre la campa\u00f1a de creaci\u00f3n colectiva \u201cBordando Soberan\u00eda\u201d, as\u00ed como las distintas fechas de encuentro, podr\u00e1n visitar las redes sociales de la Secretar\u00eda de Cultura y Educaci\u00f3n en @culturayeducacionush.<\/p>\n","protected":false},"excerpt":{"rendered":"<p>La propuesta se llevar\u00e1 adelante los d\u00edas mi\u00e9rcoles y s\u00e1bados del mes de marzo La&#8230;<\/p>\n","protected":false},"author":1,"featured_media":30680,"comment_status":"closed","ping_status":"closed","sticky":false,"template":"","format":"standard","meta":{"footnotes":""},"categories":[3],"tags":[],"class_list":["post-30679","post","type-post","status-publish","format-standard","has-post-thumbnail","hentry","category-noticias"],"jetpack_featured_media_url":"https:\/\/hablemosclarotdf.com.ar\/wp-content\/uploads\/2025\/03\/photo_2025-03-17_20-46-33.jpg","_links":{"self":[{"href":"https:\/\/hablemosclarotdf.com.ar\/index.php?rest_route=\/wp\/v2\/posts\/30679","targetHints":{"allow":["GET"]}}],"collection":[{"href":"https:\/\/hablemosclarotdf.com.ar\/index.php?rest_route=\/wp\/v2\/posts"}],"about":[{"href":"https:\/\/hablemosclarotdf.com.ar\/index.php?rest_route=\/wp\/v2\/types\/post"}],"author":[{"embeddable":true,"href":"https:\/\/hablemosclarotdf.com.ar\/index.php?rest_route=\/wp\/v2\/users\/1"}],"replies":[{"embeddable":true,"href":"https:\/\/hablemosclarotdf.com.ar\/index.php?rest_route=%2Fwp%2Fv2%2Fcomments&post=30679"}],"version-history":[{"count":1,"href":"https:\/\/hablemosclarotdf.com.ar\/index.php?rest_route=\/wp\/v2\/posts\/30679\/revisions"}],"predecessor-version":[{"id":30681,"href":"https:\/\/hablemosclarotdf.com.ar\/index.php?rest_route=\/wp\/v2\/posts\/30679\/revisions\/30681"}],"wp:featuredmedia":[{"embeddable":true,"href":"https:\/\/hablemosclarotdf.com.ar\/index.php?rest_route=\/wp\/v2\/media\/30680"}],"wp:attachment":[{"href":"https:\/\/hablemosclarotdf.com.ar\/index.php?rest_route=%2Fwp%2Fv2%2Fmedia&parent=30679"}],"wp:term":[{"taxonomy":"category","embeddable":true,"href":"https:\/\/hablemosclarotdf.com.ar\/index.php?rest_route=%2Fwp%2Fv2%2Fcategories&post=30679"},{"taxonomy":"post_tag","embeddable":true,"href":"https:\/\/hablemosclarotdf.com.ar\/index.php?rest_route=%2Fwp%2Fv2%2Ftags&post=30679"}],"curies":[{"name":"wp","href":"https:\/\/api.w.org\/{rel}","templated":true}]}}