{"id":30671,"date":"2025-03-17T19:05:54","date_gmt":"2025-03-17T22:05:54","guid":{"rendered":"https:\/\/hablemosclarotdf.com.ar\/?p=30671"},"modified":"2025-03-17T19:05:54","modified_gmt":"2025-03-17T22:05:54","slug":"ushuaia-musica-por-la-memoria-para-conmemorar-el-24-de-marzo","status":"publish","type":"post","link":"https:\/\/hablemosclarotdf.com.ar\/?p=30671","title":{"rendered":"USHUAIA : \u201cM\u00daSICA POR LA MEMORIA\u201d PARA CONMEMORAR EL 24 DE MARZO"},"content":{"rendered":"<p>Este 24 de marzo, en conmemoraci\u00f3n del D\u00eda de la Memoria por la Verdad y la Justicia, se realizar\u00e1 una jornada de arte y reflexi\u00f3n organizada por la Secretar\u00eda de Pol\u00edticas Sociales, Sanitarias y Derechos Humanos de la Municipalidad de Ushuaia, en colaboraci\u00f3n con la Secretar\u00eda de Cultura y Educaci\u00f3n del Municipio.<br \/>\nBajo la consigna \u201cHonremos nuestra memoria colectiva\u201d, a partir de las 18 en la Sala Nin\u00ed Marshall de la Casa de la Cultura se presentar\u00e1n distintas bandas de rock y de m\u00fasica latinoamericana, y habr\u00e1 intervenciones de danzas, pintura y fotograf\u00eda. Adem\u00e1s, quienes asistan a esta propuesta cultural compartir\u00e1n una merienda.<br \/>\nLa actividad, abierta a toda la comunidad, ser\u00e1 libre y gratuita.<\/p>\n","protected":false},"excerpt":{"rendered":"<p>Este 24 de marzo, en conmemoraci\u00f3n del D\u00eda de la Memoria por la Verdad y&#8230;<\/p>\n","protected":false},"author":1,"featured_media":30672,"comment_status":"closed","ping_status":"closed","sticky":false,"template":"","format":"standard","meta":{"footnotes":""},"categories":[3],"tags":[],"class_list":["post-30671","post","type-post","status-publish","format-standard","has-post-thumbnail","hentry","category-noticias"],"jetpack_featured_media_url":"https:\/\/hablemosclarotdf.com.ar\/wp-content\/uploads\/2025\/03\/photo_2025-03-17_19-05-25.jpg","_links":{"self":[{"href":"https:\/\/hablemosclarotdf.com.ar\/index.php?rest_route=\/wp\/v2\/posts\/30671","targetHints":{"allow":["GET"]}}],"collection":[{"href":"https:\/\/hablemosclarotdf.com.ar\/index.php?rest_route=\/wp\/v2\/posts"}],"about":[{"href":"https:\/\/hablemosclarotdf.com.ar\/index.php?rest_route=\/wp\/v2\/types\/post"}],"author":[{"embeddable":true,"href":"https:\/\/hablemosclarotdf.com.ar\/index.php?rest_route=\/wp\/v2\/users\/1"}],"replies":[{"embeddable":true,"href":"https:\/\/hablemosclarotdf.com.ar\/index.php?rest_route=%2Fwp%2Fv2%2Fcomments&post=30671"}],"version-history":[{"count":1,"href":"https:\/\/hablemosclarotdf.com.ar\/index.php?rest_route=\/wp\/v2\/posts\/30671\/revisions"}],"predecessor-version":[{"id":30673,"href":"https:\/\/hablemosclarotdf.com.ar\/index.php?rest_route=\/wp\/v2\/posts\/30671\/revisions\/30673"}],"wp:featuredmedia":[{"embeddable":true,"href":"https:\/\/hablemosclarotdf.com.ar\/index.php?rest_route=\/wp\/v2\/media\/30672"}],"wp:attachment":[{"href":"https:\/\/hablemosclarotdf.com.ar\/index.php?rest_route=%2Fwp%2Fv2%2Fmedia&parent=30671"}],"wp:term":[{"taxonomy":"category","embeddable":true,"href":"https:\/\/hablemosclarotdf.com.ar\/index.php?rest_route=%2Fwp%2Fv2%2Fcategories&post=30671"},{"taxonomy":"post_tag","embeddable":true,"href":"https:\/\/hablemosclarotdf.com.ar\/index.php?rest_route=%2Fwp%2Fv2%2Ftags&post=30671"}],"curies":[{"name":"wp","href":"https:\/\/api.w.org\/{rel}","templated":true}]}}