{"id":30644,"date":"2025-03-17T16:24:05","date_gmt":"2025-03-17T19:24:05","guid":{"rendered":"https:\/\/hablemosclarotdf.com.ar\/?p=30644"},"modified":"2025-03-17T16:24:05","modified_gmt":"2025-03-17T19:24:05","slug":"rio-grande-museo-de-la-memoria-verdad-y-justicia-la-memoria-nos-une","status":"publish","type":"post","link":"https:\/\/hablemosclarotdf.com.ar\/?p=30644","title":{"rendered":"RIO GRANDE : MUSEO DE LA MEMORIA, VERDAD Y JUSTICIA: \u201cLA MEMORIA NOS UNE\u201d"},"content":{"rendered":"<p>A 49 a\u00f1os del golpe c\u00edvico-militar de 1976, a conmemorarse el pr\u00f3ximo 24 de marzo, el Municipio de R\u00edo Grande -a trav\u00e9s de la Secretar\u00eda de Gesti\u00f3n Ciudadana- propone el Museo de la Memoria, Verdad y Justicia: &#8220;La memoria nos une\u201d. Se trata de un recorrido hist\u00f3rico con muestra fotogr\u00e1fica y audiovisual sobre la censura en tiempos de dictadura.<\/p>\n<p>Desde este lunes 17 y hasta el viernes 21 de marzo inclusive, en el Espacio Joven de zona sur \u201cProfesor Oscar Alberto Lasalle\u201d (El Alambrador 204) tendr\u00e1 lugar el Museo de la Memoria, Verdad y Justicia: \u201dLa memoria nos une\u201d, una muestra audiovisual y fotogr\u00e1fica sobre la censura en tiempos de dictadura. La actividad es abierta a toda la comunidad y estar\u00e1 disponible de 10:00 a 17:00 horas.<\/p>\n<p>De forma paralela, se llevar\u00e1 adelante una muestra sensorial y tridimensional para estudiantes del nivel secundario en Espacio Joven AGP (O Higgins 791) del 17 al 21 de marzo, de 9:00 a 17:00 horas. Mientras que, el s\u00e1bado 22 de 14:00 a 15:30 horas la propuesta podr\u00e1 ser recorrida por la comunidad.<\/p>\n<p>Con el objetivo de revalorizar la memoria hist\u00f3rica e invitar a las diferentes generaciones a seguir defendiendo y promoviendo los derechos humanos, el Municipio invita a todos los vecinos y vecinas a ser parte de esta iniciativa que nos lleva a un recorrido hist\u00f3rico por una etapa trascendental de nuestro pa\u00eds.<\/p>\n<p><img loading=\"lazy\" decoding=\"async\" class=\"alignnone size-medium wp-image-30646\" src=\"https:\/\/hablemosclarotdf.com.ar\/wp-content\/uploads\/2025\/03\/photo_2025-03-17_16-23-07-240x300.jpg\" alt=\"\" width=\"240\" height=\"300\" srcset=\"https:\/\/hablemosclarotdf.com.ar\/wp-content\/uploads\/2025\/03\/photo_2025-03-17_16-23-07-240x300.jpg 240w, https:\/\/hablemosclarotdf.com.ar\/wp-content\/uploads\/2025\/03\/photo_2025-03-17_16-23-07-819x1024.jpg 819w, https:\/\/hablemosclarotdf.com.ar\/wp-content\/uploads\/2025\/03\/photo_2025-03-17_16-23-07-768x960.jpg 768w, https:\/\/hablemosclarotdf.com.ar\/wp-content\/uploads\/2025\/03\/photo_2025-03-17_16-23-07.jpg 1024w\" sizes=\"auto, (max-width: 240px) 100vw, 240px\" \/><\/p>\n","protected":false},"excerpt":{"rendered":"<p>A 49 a\u00f1os del golpe c\u00edvico-militar de 1976, a conmemorarse el pr\u00f3ximo 24 de marzo,&#8230;<\/p>\n","protected":false},"author":1,"featured_media":30645,"comment_status":"closed","ping_status":"closed","sticky":false,"template":"","format":"standard","meta":{"footnotes":""},"categories":[3],"tags":[],"class_list":["post-30644","post","type-post","status-publish","format-standard","has-post-thumbnail","hentry","category-noticias"],"jetpack_featured_media_url":"https:\/\/hablemosclarotdf.com.ar\/wp-content\/uploads\/2025\/03\/photo_2025-03-17_16-23-03.jpg","_links":{"self":[{"href":"https:\/\/hablemosclarotdf.com.ar\/index.php?rest_route=\/wp\/v2\/posts\/30644","targetHints":{"allow":["GET"]}}],"collection":[{"href":"https:\/\/hablemosclarotdf.com.ar\/index.php?rest_route=\/wp\/v2\/posts"}],"about":[{"href":"https:\/\/hablemosclarotdf.com.ar\/index.php?rest_route=\/wp\/v2\/types\/post"}],"author":[{"embeddable":true,"href":"https:\/\/hablemosclarotdf.com.ar\/index.php?rest_route=\/wp\/v2\/users\/1"}],"replies":[{"embeddable":true,"href":"https:\/\/hablemosclarotdf.com.ar\/index.php?rest_route=%2Fwp%2Fv2%2Fcomments&post=30644"}],"version-history":[{"count":1,"href":"https:\/\/hablemosclarotdf.com.ar\/index.php?rest_route=\/wp\/v2\/posts\/30644\/revisions"}],"predecessor-version":[{"id":30647,"href":"https:\/\/hablemosclarotdf.com.ar\/index.php?rest_route=\/wp\/v2\/posts\/30644\/revisions\/30647"}],"wp:featuredmedia":[{"embeddable":true,"href":"https:\/\/hablemosclarotdf.com.ar\/index.php?rest_route=\/wp\/v2\/media\/30645"}],"wp:attachment":[{"href":"https:\/\/hablemosclarotdf.com.ar\/index.php?rest_route=%2Fwp%2Fv2%2Fmedia&parent=30644"}],"wp:term":[{"taxonomy":"category","embeddable":true,"href":"https:\/\/hablemosclarotdf.com.ar\/index.php?rest_route=%2Fwp%2Fv2%2Fcategories&post=30644"},{"taxonomy":"post_tag","embeddable":true,"href":"https:\/\/hablemosclarotdf.com.ar\/index.php?rest_route=%2Fwp%2Fv2%2Ftags&post=30644"}],"curies":[{"name":"wp","href":"https:\/\/api.w.org\/{rel}","templated":true}]}}