{"id":30638,"date":"2025-03-17T16:21:09","date_gmt":"2025-03-17T19:21:09","guid":{"rendered":"https:\/\/hablemosclarotdf.com.ar\/?p=30638"},"modified":"2025-03-17T16:21:09","modified_gmt":"2025-03-17T19:21:09","slug":"se-realizo-jornada-solidaria-de-cardio-gym-en-beneficio-de-los-damnificados-de-bahia-blanca","status":"publish","type":"post","link":"https:\/\/hablemosclarotdf.com.ar\/?p=30638","title":{"rendered":"SE REALIZ\u00d3 JORNADA SOLIDARIA DE CARDIO GYM EN BENEFICIO DE LOS DAMNIFICADOS DE BAHIA BLANCA"},"content":{"rendered":"<p>La Secretar\u00eda de Integraci\u00f3n Comunitaria, dependiente de la Secretar\u00eda de Representaci\u00f3n Pol\u00edtica del Gobierno de Tierra del Fuego, llev\u00f3 a cabo una jornada solidaria de Cardio Gym con el objetivo de recaudar donaciones para los damnificados por las inundaciones en Bah\u00eda Blanca.<\/p>\n<p>El evento se realiz\u00f3 en las instalaciones del Batall\u00f3n de Infanter\u00eda de Marina N.\u00ba 5 y cont\u00f3 con la participaci\u00f3n de numerosos vecinos y vecinas, quienes se sumaron a la actividad deportiva y colaboraron con donaciones para ayudar a las familias afectadas en la ciudad bonaerense.<\/p>\n<p>Al respecto, Daniela D\u00edaz, secretaria de Integraci\u00f3n Comunitaria, expres\u00f3 que \u201cestamos muy contentos y agradecidos por lo recaudado el d\u00eda s\u00e1bado. Logramos reunir una gran cantidad de alimentos no perecederos, art\u00edculos de limpieza, librer\u00eda, agua e indumentaria, que ser\u00e1n donados a los afectados por el temporal en Bah\u00eda Blanca\u201d<\/p>\n<p>\u201cAdem\u00e1s queremos agradecer a toda la comunidad, al BIM N.\u00ba 5 por su colaboraci\u00f3n y a la empresa LOGANT, que se encargar\u00e1 del traslado de la mercader\u00eda. Tambi\u00e9n queremos anunciar que en los pr\u00f3ximos d\u00edas estaremos realizando m\u00e1s actividades para seguir acompa\u00f1ando a los damnificados\u201d, recalc\u00f3 la funcionaria.<\/p>\n<p><img loading=\"lazy\" decoding=\"async\" class=\"alignnone size-medium wp-image-30640\" src=\"https:\/\/hablemosclarotdf.com.ar\/wp-content\/uploads\/2025\/03\/photo_2025-03-17_16-19-05-300x200.jpg\" alt=\"\" width=\"300\" height=\"200\" srcset=\"https:\/\/hablemosclarotdf.com.ar\/wp-content\/uploads\/2025\/03\/photo_2025-03-17_16-19-05-300x200.jpg 300w, https:\/\/hablemosclarotdf.com.ar\/wp-content\/uploads\/2025\/03\/photo_2025-03-17_16-19-05-1024x682.jpg 1024w, https:\/\/hablemosclarotdf.com.ar\/wp-content\/uploads\/2025\/03\/photo_2025-03-17_16-19-05-768x511.jpg 768w, https:\/\/hablemosclarotdf.com.ar\/wp-content\/uploads\/2025\/03\/photo_2025-03-17_16-19-05.jpg 1280w\" sizes=\"auto, (max-width: 300px) 100vw, 300px\" \/> <img loading=\"lazy\" decoding=\"async\" class=\"alignnone size-medium wp-image-30641\" src=\"https:\/\/hablemosclarotdf.com.ar\/wp-content\/uploads\/2025\/03\/photo_2025-03-17_16-19-09-300x200.jpg\" alt=\"\" width=\"300\" height=\"200\" srcset=\"https:\/\/hablemosclarotdf.com.ar\/wp-content\/uploads\/2025\/03\/photo_2025-03-17_16-19-09-300x200.jpg 300w, https:\/\/hablemosclarotdf.com.ar\/wp-content\/uploads\/2025\/03\/photo_2025-03-17_16-19-09-1024x682.jpg 1024w, https:\/\/hablemosclarotdf.com.ar\/wp-content\/uploads\/2025\/03\/photo_2025-03-17_16-19-09-768x511.jpg 768w, https:\/\/hablemosclarotdf.com.ar\/wp-content\/uploads\/2025\/03\/photo_2025-03-17_16-19-09.jpg 1280w\" sizes=\"auto, (max-width: 300px) 100vw, 300px\" \/> <img loading=\"lazy\" decoding=\"async\" class=\"alignnone size-medium wp-image-30642\" src=\"https:\/\/hablemosclarotdf.com.ar\/wp-content\/uploads\/2025\/03\/photo_2025-03-17_16-19-13-300x200.jpg\" alt=\"\" width=\"300\" height=\"200\" srcset=\"https:\/\/hablemosclarotdf.com.ar\/wp-content\/uploads\/2025\/03\/photo_2025-03-17_16-19-13-300x200.jpg 300w, https:\/\/hablemosclarotdf.com.ar\/wp-content\/uploads\/2025\/03\/photo_2025-03-17_16-19-13-1024x682.jpg 1024w, https:\/\/hablemosclarotdf.com.ar\/wp-content\/uploads\/2025\/03\/photo_2025-03-17_16-19-13-768x511.jpg 768w, https:\/\/hablemosclarotdf.com.ar\/wp-content\/uploads\/2025\/03\/photo_2025-03-17_16-19-13.jpg 1280w\" sizes=\"auto, (max-width: 300px) 100vw, 300px\" \/><\/p>\n","protected":false},"excerpt":{"rendered":"<p>La Secretar\u00eda de Integraci\u00f3n Comunitaria, dependiente de la Secretar\u00eda de Representaci\u00f3n Pol\u00edtica del Gobierno de&#8230;<\/p>\n","protected":false},"author":1,"featured_media":30639,"comment_status":"closed","ping_status":"closed","sticky":false,"template":"","format":"standard","meta":{"footnotes":""},"categories":[3],"tags":[],"class_list":["post-30638","post","type-post","status-publish","format-standard","has-post-thumbnail","hentry","category-noticias"],"jetpack_featured_media_url":"https:\/\/hablemosclarotdf.com.ar\/wp-content\/uploads\/2025\/03\/photo_2025-03-17_16-18-57.jpg","_links":{"self":[{"href":"https:\/\/hablemosclarotdf.com.ar\/index.php?rest_route=\/wp\/v2\/posts\/30638","targetHints":{"allow":["GET"]}}],"collection":[{"href":"https:\/\/hablemosclarotdf.com.ar\/index.php?rest_route=\/wp\/v2\/posts"}],"about":[{"href":"https:\/\/hablemosclarotdf.com.ar\/index.php?rest_route=\/wp\/v2\/types\/post"}],"author":[{"embeddable":true,"href":"https:\/\/hablemosclarotdf.com.ar\/index.php?rest_route=\/wp\/v2\/users\/1"}],"replies":[{"embeddable":true,"href":"https:\/\/hablemosclarotdf.com.ar\/index.php?rest_route=%2Fwp%2Fv2%2Fcomments&post=30638"}],"version-history":[{"count":1,"href":"https:\/\/hablemosclarotdf.com.ar\/index.php?rest_route=\/wp\/v2\/posts\/30638\/revisions"}],"predecessor-version":[{"id":30643,"href":"https:\/\/hablemosclarotdf.com.ar\/index.php?rest_route=\/wp\/v2\/posts\/30638\/revisions\/30643"}],"wp:featuredmedia":[{"embeddable":true,"href":"https:\/\/hablemosclarotdf.com.ar\/index.php?rest_route=\/wp\/v2\/media\/30639"}],"wp:attachment":[{"href":"https:\/\/hablemosclarotdf.com.ar\/index.php?rest_route=%2Fwp%2Fv2%2Fmedia&parent=30638"}],"wp:term":[{"taxonomy":"category","embeddable":true,"href":"https:\/\/hablemosclarotdf.com.ar\/index.php?rest_route=%2Fwp%2Fv2%2Fcategories&post=30638"},{"taxonomy":"post_tag","embeddable":true,"href":"https:\/\/hablemosclarotdf.com.ar\/index.php?rest_route=%2Fwp%2Fv2%2Ftags&post=30638"}],"curies":[{"name":"wp","href":"https:\/\/api.w.org\/{rel}","templated":true}]}}