{"id":30347,"date":"2025-03-15T12:29:13","date_gmt":"2025-03-15T15:29:13","guid":{"rendered":"https:\/\/hablemosclarotdf.com.ar\/?p=30347"},"modified":"2025-03-15T12:29:13","modified_gmt":"2025-03-15T15:29:13","slug":"rio-grande-el-intendente-acompano-el-cierre-de-las-jornadas-cartucheras-solidarias","status":"publish","type":"post","link":"https:\/\/hablemosclarotdf.com.ar\/?p=30347","title":{"rendered":"RIO GRANDE : EL INTENDENTE ACOMPA\u00d1\u00d3 EL CIERRE DE LAS JORNADAS \u201cCARTUCHERAS SOLIDARIAS\u201d"},"content":{"rendered":"<p>Mediante esta propuesta, el Municipio busc\u00f3 acompa\u00f1ar a las ni\u00f1as, ni\u00f1os y juventudes que asisten a comedores y merenderos comunitarios ante el inicio del ciclo lectivo. La gran convocatoria de vecinos y vecinas demostr\u00f3 una vez m\u00e1s el gran esp\u00edritu solidario que caracteriza a las y los riograndenses.<\/p>\n<p>El intendente Mart\u00edn Perez estuvo presente en el cierre de la 3\u00b0 edici\u00f3n de \u201cCartucheras Solidarias\u201d, jornada que se realiz\u00f3 durante cinco d\u00edas en el Centro Cultural Alem, en donde participaron m\u00e1s de 60 alumnos y alumnas de los talleres de &#8220;Corte y Confecci\u00f3n&#8221; y &#8220;Patchwork&#8221;.<\/p>\n<p>En esta oportunidad, se lograron confeccionar alrededor de 800 cartucheras las cuales ser\u00e1n destinadas a ni\u00f1as y ni\u00f1os que concurren a los diferentes comedores y merenderos de nuestra ciudad. El Intendente se mostr\u00f3 muy agradecido por la solidaridad de todos los participantes de esta jornada, destacando su compromiso y la colaboraci\u00f3n para con la comunidad.<\/p>\n<p>Cabe resaltar la presencia de representantes de la f\u00e1brica textil, Sue\u00f1o Fueguino, quienes son parte de este proyecto solidario desde sus inicios. Mariana Da Agostino, representante de Sue\u00f1o Fueguino, se\u00f1al\u00f3 que \u201cSue\u00f1o Fueguino viene colaborando todos los a\u00f1os, con donaciones de relleno y telas de dise\u00f1os muy coloridos. Para nosotros es un honor ser parte de este proyecto que acompa\u00f1a a ni\u00f1os y ni\u00f1as en su comienzo de clases\u201d.<\/p>\n<p>\u201cEs incre\u00edble ver el amor, cari\u00f1o y esfuerzo de las participantes que hacen que este proyecto sea posible, con el objetivo de poder sacarle una sonrisa a un ni\u00f1o\u201d, manifest\u00f3.<\/p>\n<p>A trav\u00e9s de estas iniciativas solidarias, el Estado Municipal contin\u00faa afianzando valores de solidaridad, empat\u00eda y comunidad a la vez que acompa\u00f1a a las familias que m\u00e1s lo necesitan en el inicio del Ciclo Escolar 2025.<\/p>\n<p><img loading=\"lazy\" decoding=\"async\" class=\"alignnone size-medium wp-image-30349\" src=\"https:\/\/hablemosclarotdf.com.ar\/wp-content\/uploads\/2025\/03\/photo_2025-03-15_12-28-20-300x200.jpg\" alt=\"\" width=\"300\" height=\"200\" srcset=\"https:\/\/hablemosclarotdf.com.ar\/wp-content\/uploads\/2025\/03\/photo_2025-03-15_12-28-20-300x200.jpg 300w, https:\/\/hablemosclarotdf.com.ar\/wp-content\/uploads\/2025\/03\/photo_2025-03-15_12-28-20-1024x682.jpg 1024w, https:\/\/hablemosclarotdf.com.ar\/wp-content\/uploads\/2025\/03\/photo_2025-03-15_12-28-20-768x512.jpg 768w, https:\/\/hablemosclarotdf.com.ar\/wp-content\/uploads\/2025\/03\/photo_2025-03-15_12-28-20.jpg 1280w\" sizes=\"auto, (max-width: 300px) 100vw, 300px\" \/> <img loading=\"lazy\" decoding=\"async\" class=\"alignnone size-medium wp-image-30350\" src=\"https:\/\/hablemosclarotdf.com.ar\/wp-content\/uploads\/2025\/03\/photo_2025-03-15_12-28-24-300x200.jpg\" alt=\"\" width=\"300\" height=\"200\" srcset=\"https:\/\/hablemosclarotdf.com.ar\/wp-content\/uploads\/2025\/03\/photo_2025-03-15_12-28-24-300x200.jpg 300w, https:\/\/hablemosclarotdf.com.ar\/wp-content\/uploads\/2025\/03\/photo_2025-03-15_12-28-24-1024x682.jpg 1024w, https:\/\/hablemosclarotdf.com.ar\/wp-content\/uploads\/2025\/03\/photo_2025-03-15_12-28-24-768x512.jpg 768w, https:\/\/hablemosclarotdf.com.ar\/wp-content\/uploads\/2025\/03\/photo_2025-03-15_12-28-24.jpg 1280w\" sizes=\"auto, (max-width: 300px) 100vw, 300px\" \/><\/p>\n","protected":false},"excerpt":{"rendered":"<p>Mediante esta propuesta, el Municipio busc\u00f3 acompa\u00f1ar a las ni\u00f1as, ni\u00f1os y juventudes que asisten&#8230;<\/p>\n","protected":false},"author":1,"featured_media":30348,"comment_status":"closed","ping_status":"closed","sticky":false,"template":"","format":"standard","meta":{"footnotes":""},"categories":[3],"tags":[],"class_list":["post-30347","post","type-post","status-publish","format-standard","has-post-thumbnail","hentry","category-noticias"],"jetpack_featured_media_url":"https:\/\/hablemosclarotdf.com.ar\/wp-content\/uploads\/2025\/03\/photo_2025-03-15_12-28-13.jpg","_links":{"self":[{"href":"https:\/\/hablemosclarotdf.com.ar\/index.php?rest_route=\/wp\/v2\/posts\/30347","targetHints":{"allow":["GET"]}}],"collection":[{"href":"https:\/\/hablemosclarotdf.com.ar\/index.php?rest_route=\/wp\/v2\/posts"}],"about":[{"href":"https:\/\/hablemosclarotdf.com.ar\/index.php?rest_route=\/wp\/v2\/types\/post"}],"author":[{"embeddable":true,"href":"https:\/\/hablemosclarotdf.com.ar\/index.php?rest_route=\/wp\/v2\/users\/1"}],"replies":[{"embeddable":true,"href":"https:\/\/hablemosclarotdf.com.ar\/index.php?rest_route=%2Fwp%2Fv2%2Fcomments&post=30347"}],"version-history":[{"count":1,"href":"https:\/\/hablemosclarotdf.com.ar\/index.php?rest_route=\/wp\/v2\/posts\/30347\/revisions"}],"predecessor-version":[{"id":30351,"href":"https:\/\/hablemosclarotdf.com.ar\/index.php?rest_route=\/wp\/v2\/posts\/30347\/revisions\/30351"}],"wp:featuredmedia":[{"embeddable":true,"href":"https:\/\/hablemosclarotdf.com.ar\/index.php?rest_route=\/wp\/v2\/media\/30348"}],"wp:attachment":[{"href":"https:\/\/hablemosclarotdf.com.ar\/index.php?rest_route=%2Fwp%2Fv2%2Fmedia&parent=30347"}],"wp:term":[{"taxonomy":"category","embeddable":true,"href":"https:\/\/hablemosclarotdf.com.ar\/index.php?rest_route=%2Fwp%2Fv2%2Fcategories&post=30347"},{"taxonomy":"post_tag","embeddable":true,"href":"https:\/\/hablemosclarotdf.com.ar\/index.php?rest_route=%2Fwp%2Fv2%2Ftags&post=30347"}],"curies":[{"name":"wp","href":"https:\/\/api.w.org\/{rel}","templated":true}]}}