{"id":30272,"date":"2025-03-14T17:08:14","date_gmt":"2025-03-14T20:08:14","guid":{"rendered":"https:\/\/hablemosclarotdf.com.ar\/?p=30272"},"modified":"2025-03-14T17:08:14","modified_gmt":"2025-03-14T20:08:14","slug":"rio-grande-llega-un-fin-de-semana-de-diferentes-propuestas-2","status":"publish","type":"post","link":"https:\/\/hablemosclarotdf.com.ar\/?p=30272","title":{"rendered":"RIO GRANDE : LLEGA UN FIN DE SEMANA DE DIFERENTES PROPUESTAS"},"content":{"rendered":"<p>\u201cRGA ALIMENTOS&#8221; EN EL PASEO CANTO DEL VIENTO<\/p>\n<p>El punto de venta, ubicado en Fagnano 650, abrir\u00e1 sus puertas a las vecinas y vecinos este viernes y s\u00e1bado de 10 a 20 horas; mientras que el domingo el horario ser\u00e1 de 10 a 13. Durante el fin de semana, los y las riograndenses podr\u00e1n adquirir pollos larga vida, tomates agroecol\u00f3gicos y ensaladas de la marca local \u201cRGA Alimentos\u201d como as\u00ed tambi\u00e9n alimentos de productores locales.<\/p>\n<p>DISFRUT\u00c1 DE LA CALESITA DE ZONA SUR<\/p>\n<p>Este divertido espacio destinado a la recreaci\u00f3n y entretenimiento de las infancias de la ciudad, se encuentra ubicado en Rafaela Ishton y Tolhuin. La calesita est\u00e1 abierta de mi\u00e9rcoles a domingos, desde las 15 hasta las 19 horas, con entrada libre y gratuita. El funcionamiento de la misma est\u00e1 sujeta a las condiciones clim\u00e1ticas.<\/p>\n<p>SE PRESENTAR\u00c1 LA ORQUESTA MUNICIPAL KAY\u00c9N Y MILLACURA SUR FOLKL\u00d3RICA<\/p>\n<p>Este viernes 14 de marzo, a las 20.30 horas, la Orquesta Municipal Kay\u00e9n junto a Millacura Sur brindar\u00e1n un concierto en la Parroquia Sagrada Familia, la cual est\u00e1 situada en Thorne 1913. Las vecinas y vecinos que quieran escuchar el repertorio folkl\u00f3rico preparado por los artistas riograndenses pueden sacar las entradas a trav\u00e9s de la p\u00e1gina cultura.riogrande.gob.ar o asistir directamente a la parroquia.<\/p>\n<p>JORNADA DE VACUNACI\u00d3N Y CHIPEO PARA MASCOTAS<\/p>\n<p>Ser\u00e1 en la Casa del Vecino del barrio Chacra IV (Jos\u00e9 Romero 3090), este s\u00e1bado 15 de marzo, de 9 a 14 horas. Las mascotas para la vacunaci\u00f3n deber\u00e1n tener m\u00e1s de 3 meses y no haber sido vacunados nunca o que cuenten con su vacuna antirr\u00e1bica vencida. Adem\u00e1s, deber\u00e1n asistir acompa\u00f1ados por su cuidador mayor de 18 a\u00f1os y tener libreta sanitaria. En el caso de los caninos se solicita que asistan con collar, correa y bozal; mientras que los felinos deber\u00e1n ser llevados en caniles para un mejor cuidado.<\/p>\n<p>LLEGA LA 3\u00b0 EDICI\u00d3N DE LA EXPO DEPORTES<\/p>\n<p>Este s\u00e1bado 15 y domingo 16 de marzo se realizar\u00e1 la \u201cExpo Deportes 2025\u201d en el Polideportivo Carlos Margalot (Prefectura Naval 599). El horario ser\u00e1 a partir de las 12 del mediod\u00eda. Las y los riograndenses se encontrar\u00e1n con un evento con m\u00e1s de 50 instituciones deportivas de nuestra ciudad presentes con stands, muestras y capacitaciones a cargo de profesionales, deportistas, entrenadores, dirigentes, productores, comerciantes, emprendedores y toda la actividad de R\u00edo Grande.<\/p>\n<p>\u201cGRUPO SOBRE CONSUMO PROBLEM\u00c1TICO\u201d EN CASA DE J\u00d3VENES<\/p>\n<p>Esta propuesta est\u00e1 dirigida a familiares, allegados y amigos de personas que atraviesan una situaci\u00f3n de consumo en pos de afianzar las redes comunitarias de cuidado, acompa\u00f1amiento y apoyo. Quienes est\u00e9n interesados, pueden acercarse este s\u00e1bado, desde las 14 horas, a Casa de J\u00f3venes -Islas de los Estados 1195-. No se requiere inscripci\u00f3n previa.<\/p>\n<p>MUJERES ARTESANAS EN EL PASEO<\/p>\n<p>Este s\u00e1bado 15 y domingo 16 se realizar\u00e1 una nueva feria tem\u00e1tica en el Paseo Canto del Viento (Fagnano 650), de 16 a 21 horas. Por medio de esta iniciativa, las vecinas y vecinos podr\u00e1n adquirir productos diferentes productos elaborados por mujeres artesanas de nuestra ciudad; as\u00ed como disfrutar de este espacio de recreaci\u00f3n que cuenta con stands de emprendedores locales, artesanos, manualistas, gastronom\u00eda y artistas.<\/p>\n<p>PARTICIP\u00c1 DE LA \u201cSALCHIJUNTADA CARNAVALESCA\u201d<\/p>\n<p>Este domingo 16 de marzo los y las riograndenses podr\u00e1n sumarse a la \u201cSalchijuntada carnavalesca\u201d, evento que se desarrollar\u00e1 desde las 14.30 horas en el Cono de Sombra, ubicado en la Plaza de las Am\u00e9ricas. Se trata de una actividad organizada por \u201cLos Salchis Fueguinos TDF\u201d, acompa\u00f1ados por el Municipio de R\u00edo Grande, que tiene por objetivo generar un espacio de encuentro para compartir un momento de calidad entre due\u00f1os y sus perros salchichas.<\/p>\n<p>FORM\u00c1 PARTE DE LA PROPUESTA \u201cBICI CHICAS\u201d<\/p>\n<p>Ser\u00e1 este domingo 16, desde las 10 de la ma\u00f1ana, en el marco del Mes de la Mujer Trabajadora y la 3\u00b0 Expo Deportes, mientras que el punto de encuentro ser\u00e1 el Polideportivo \u201cCarlos Margalot\u201d (Prefectura Naval 599). All\u00ed se realizar\u00e1 una actividad de precalentamiento a cargo de profesores de educaci\u00f3n f\u00edsica, el recorrido comienza a las 11 horas. Las participantes deben concurrir con casco, botella de agua y se recomienda desayunar antes.<\/p>\n","protected":false},"excerpt":{"rendered":"<p>\u201cRGA ALIMENTOS&#8221; EN EL PASEO CANTO DEL VIENTO El punto de venta, ubicado en Fagnano&#8230;<\/p>\n","protected":false},"author":1,"featured_media":30273,"comment_status":"closed","ping_status":"closed","sticky":false,"template":"","format":"standard","meta":{"footnotes":""},"categories":[3],"tags":[],"class_list":["post-30272","post","type-post","status-publish","format-standard","has-post-thumbnail","hentry","category-noticias"],"jetpack_featured_media_url":"https:\/\/hablemosclarotdf.com.ar\/wp-content\/uploads\/2025\/03\/photo_2025-03-14_17-07-42.jpg","_links":{"self":[{"href":"https:\/\/hablemosclarotdf.com.ar\/index.php?rest_route=\/wp\/v2\/posts\/30272","targetHints":{"allow":["GET"]}}],"collection":[{"href":"https:\/\/hablemosclarotdf.com.ar\/index.php?rest_route=\/wp\/v2\/posts"}],"about":[{"href":"https:\/\/hablemosclarotdf.com.ar\/index.php?rest_route=\/wp\/v2\/types\/post"}],"author":[{"embeddable":true,"href":"https:\/\/hablemosclarotdf.com.ar\/index.php?rest_route=\/wp\/v2\/users\/1"}],"replies":[{"embeddable":true,"href":"https:\/\/hablemosclarotdf.com.ar\/index.php?rest_route=%2Fwp%2Fv2%2Fcomments&post=30272"}],"version-history":[{"count":1,"href":"https:\/\/hablemosclarotdf.com.ar\/index.php?rest_route=\/wp\/v2\/posts\/30272\/revisions"}],"predecessor-version":[{"id":30274,"href":"https:\/\/hablemosclarotdf.com.ar\/index.php?rest_route=\/wp\/v2\/posts\/30272\/revisions\/30274"}],"wp:featuredmedia":[{"embeddable":true,"href":"https:\/\/hablemosclarotdf.com.ar\/index.php?rest_route=\/wp\/v2\/media\/30273"}],"wp:attachment":[{"href":"https:\/\/hablemosclarotdf.com.ar\/index.php?rest_route=%2Fwp%2Fv2%2Fmedia&parent=30272"}],"wp:term":[{"taxonomy":"category","embeddable":true,"href":"https:\/\/hablemosclarotdf.com.ar\/index.php?rest_route=%2Fwp%2Fv2%2Fcategories&post=30272"},{"taxonomy":"post_tag","embeddable":true,"href":"https:\/\/hablemosclarotdf.com.ar\/index.php?rest_route=%2Fwp%2Fv2%2Ftags&post=30272"}],"curies":[{"name":"wp","href":"https:\/\/api.w.org\/{rel}","templated":true}]}}