{"id":26376,"date":"2025-01-31T16:48:32","date_gmt":"2025-01-31T19:48:32","guid":{"rendered":"https:\/\/hablemosclarotdf.com.ar\/?p=26376"},"modified":"2025-01-31T16:48:32","modified_gmt":"2025-01-31T19:48:32","slug":"rio-grande-sumate-a-los-talleres-infantiles-en-el-museo-virginia-choquintel","status":"publish","type":"post","link":"https:\/\/hablemosclarotdf.com.ar\/?p=26376","title":{"rendered":"RIO GRANDE : S\u00daMATE A LOS TALLERES INFANTILES EN EL MUSEO VIRGINIA CHOQUINTEL"},"content":{"rendered":"<p>Durante febrero, el Museo Virginia Choquintel ofrecer\u00e1 una serie de talleres para que las infancias riograndenses puedan seguir disfrutando de las vacaciones en la ciudad. Las inscripciones para participar de los mismos, se est\u00e1n realizando de lunes a viernes de 09 a 17 horas en el Museo Virginia Choquintel (Alberdi 555).<\/p>\n<p>Las actividades est\u00e1n dise\u00f1adas para fomentar la creatividad y el aprendizaje a trav\u00e9s de experiencias interactivas y educativas. Los talleres se llevar\u00e1n a cabo en diferentes horarias y est\u00e1n dirigidos a diferentes grupos etarios.<\/p>\n<p>De esta manera, los talleres que se realizar\u00e1n durante el mes de febrero son: \u201cHistorias y leyendas\u201d, destinado a infancias de 5 a 7 a\u00f1os, tendr\u00e1 lugar los d\u00edas lunes de 14 a 15 horas. Los mi\u00e9rcoles, el mismo taller se brindar\u00e1 de 14 a 15:30 para infancias de 8 a 11 a\u00f1os. Igualmente, la iniciativa \u201cObservaci\u00f3n de la naturaleza urbana\u201d se llevar\u00e1 a cabo los d\u00edas mi\u00e9rcoles y viernes de 15 a 16:30 horas, para ni\u00f1os y ni\u00f1as de 8 a 12 a\u00f1os.<\/p>\n<p>Cabe aclarar que las inscripciones para participar de estos talleres se est\u00e1n realizando de manera presencial en el Museo Virginia Choquintel, de 09 a 17 horas. Los cupos son limitados.<\/p>\n<p>El Municipio de Rio Grande, a trav\u00e9s de la Subsecretar\u00eda de Cultura, contin\u00faa brindando a las infancias de nuestra ciudad diversas propuestas para que se acerquen al mundo de la cultura y la naturaleza durante estas vacaciones.<\/p>\n","protected":false},"excerpt":{"rendered":"<p>Durante febrero, el Museo Virginia Choquintel ofrecer\u00e1 una serie de talleres para que las infancias&#8230;<\/p>\n","protected":false},"author":1,"featured_media":26377,"comment_status":"closed","ping_status":"closed","sticky":false,"template":"","format":"standard","meta":{"footnotes":""},"categories":[3],"tags":[],"class_list":["post-26376","post","type-post","status-publish","format-standard","has-post-thumbnail","hentry","category-noticias"],"jetpack_featured_media_url":"https:\/\/hablemosclarotdf.com.ar\/wp-content\/uploads\/2025\/01\/photo_2025-01-31_16-47-51.jpg","_links":{"self":[{"href":"https:\/\/hablemosclarotdf.com.ar\/index.php?rest_route=\/wp\/v2\/posts\/26376","targetHints":{"allow":["GET"]}}],"collection":[{"href":"https:\/\/hablemosclarotdf.com.ar\/index.php?rest_route=\/wp\/v2\/posts"}],"about":[{"href":"https:\/\/hablemosclarotdf.com.ar\/index.php?rest_route=\/wp\/v2\/types\/post"}],"author":[{"embeddable":true,"href":"https:\/\/hablemosclarotdf.com.ar\/index.php?rest_route=\/wp\/v2\/users\/1"}],"replies":[{"embeddable":true,"href":"https:\/\/hablemosclarotdf.com.ar\/index.php?rest_route=%2Fwp%2Fv2%2Fcomments&post=26376"}],"version-history":[{"count":1,"href":"https:\/\/hablemosclarotdf.com.ar\/index.php?rest_route=\/wp\/v2\/posts\/26376\/revisions"}],"predecessor-version":[{"id":26378,"href":"https:\/\/hablemosclarotdf.com.ar\/index.php?rest_route=\/wp\/v2\/posts\/26376\/revisions\/26378"}],"wp:featuredmedia":[{"embeddable":true,"href":"https:\/\/hablemosclarotdf.com.ar\/index.php?rest_route=\/wp\/v2\/media\/26377"}],"wp:attachment":[{"href":"https:\/\/hablemosclarotdf.com.ar\/index.php?rest_route=%2Fwp%2Fv2%2Fmedia&parent=26376"}],"wp:term":[{"taxonomy":"category","embeddable":true,"href":"https:\/\/hablemosclarotdf.com.ar\/index.php?rest_route=%2Fwp%2Fv2%2Fcategories&post=26376"},{"taxonomy":"post_tag","embeddable":true,"href":"https:\/\/hablemosclarotdf.com.ar\/index.php?rest_route=%2Fwp%2Fv2%2Ftags&post=26376"}],"curies":[{"name":"wp","href":"https:\/\/api.w.org\/{rel}","templated":true}]}}