{"id":26357,"date":"2025-01-31T14:36:55","date_gmt":"2025-01-31T17:36:55","guid":{"rendered":"https:\/\/hablemosclarotdf.com.ar\/?p=26357"},"modified":"2025-01-31T14:36:55","modified_gmt":"2025-01-31T17:36:55","slug":"rio-grande-llega-un-fin-de-semana-de-diferentes-propuestas","status":"publish","type":"post","link":"https:\/\/hablemosclarotdf.com.ar\/?p=26357","title":{"rendered":"RIO GRANDE : LLEGA UN FIN DE SEMANA DE DIFERENTES PROPUESTAS"},"content":{"rendered":"<p>\u201cRGA ALIMENTOS\u201d EN EL PASEO CANTO DEL VIENTO<\/p>\n<p>El viernes y s\u00e1bado, el punto de venta -ubicado en Fagnano 650- abre sus puertas al p\u00fablico de 10 a 20 horas; mientras que el domingo el horario ser\u00e1 de 10 a 13 horas. Durante el fin de semana los y las riograndenses podr\u00e1n adquirir productos frescos y de calidad de la marca local \u201cRGA Alimentos\u201d como de productores locales.<\/p>\n<p>RECORR\u00c9 EL \u201cSENDERO INTEPRETATIVO RESERVA COSTA NORTE\u201d<\/p>\n<p>La actividad es organizada por el Centro de Interpretaci\u00f3n Ambiental (CIA), espacio que promueve el cuidado y protecci\u00f3n de la fauna y la flora de nuestra ciudad. A trav\u00e9s de esta propuesta se busca fomentar el aprendizaje y la conciencia ambiental mientras los visitantes exploran el paisaje. La misma se lleva adelante este viernes de 14 a 16 horas en el CIA.<\/p>\n<p>DISFRUT\u00c1 DE LA CALESITA DE ZONA SUR<\/p>\n<p>Se trata de un divertido espacio destinado a la recreaci\u00f3n de las familias e infancias riograndenses. La calesita -ubicada en Rafaela Ishton y Tolhuin- se encuentra abierta de mi\u00e9rcoles a domingos, de 15 a 19 horas, con entrada libre y gratuita. Cabe destacar que el funcionamiento de la misma est\u00e1 sujeta a las condiciones clim\u00e1ticas.<\/p>\n<p>PARTICIP\u00c1 DE LA 2\u00b0 EDICI\u00d3N DEL \u201cSEMINARIO INTENSIVO DE RITMOS URBANOS\u201d<\/p>\n<p>Se trata de una iniciativa que estar\u00e1 a cargo de las profesoras Juli Saracho, Winona Mac Gaw y Nacha Saldivia, quienes poseen un amplio conocimiento en las disciplinas de Hip Hop coreogr\u00e1fico, Female DanceHall y Twerk. El seminario se desarrollar\u00e1 este viernes a las 17.30 horas en el Centro Cultural Alem (Av. Belgrano y Alberdi) y est\u00e1 destinado a mayores de 12 a\u00f1os y adultos.<\/p>\n<p>SIGAMOS DISFRUTANDO DE LA PANTALLA DEL \u201cPARQUE DE LOS 100 A\u00d1OS\u201d<\/p>\n<p>Durante el fin de semana, las vecinas y vecinos riograndenses podr\u00e1n disfrutar de distintos recitales, a partir de las 22 horas. El viernes se transmitir\u00e1 \u201cDJ Set Rock Nacional Dramer\u201d. El s\u00e1bado ser\u00e1 el turno de \u201cLa Kupp\u00e9 &#8211; Un Poco de Ruido\u201d; mientras que el domingo sonar\u00e1 \u201cJuan Luis Guerra\u201d. Quienes se acerquen con sus veh\u00edculos podr\u00e1n escuchar, v\u00eda est\u00e9reo, en el dial 89.5.<\/p>\n<p>\u201cGRUPO SOBRE CONSUMO PROBLEM\u00c1TICO\u201d EN CASA DE J\u00d3VENES<\/p>\n<p>Es una propuesta que est\u00e1 dirigida a familiares, allegados y amigos de personas que atraviesan una situaci\u00f3n de consumo en pos de afianzar las redes comunitarias de cuidado, acompa\u00f1amiento y apoyo. Quienes est\u00e9n interesados, pueden acercarse este s\u00e1bado, desde las 14 horas, a Casa de J\u00f3venes -Islas de los Estados 1195-. No se requiere inscripci\u00f3n previa.<\/p>\n<p>\u201cPASEO M\u00c1GICO\u201d<\/p>\n<p>Este s\u00e1bado 1\u00b0 y domingo 2 de febrero, se realizar\u00e1 una nueva feria tem\u00e1tica en el Paseo Canto del Viento -Fagnano 650-, a partir de las 15 horas hasta las 21 horas. Mediante esta propuesta, se busca que las vecinas y vecinos disfruten de este espacio de recreaci\u00f3n que se encuentra acompa\u00f1ado de stands con emprendedores locales, artesanos, manualistas, gastronom\u00eda y artistas.<\/p>\n<p>SE VIENE UNA NUEVA JORNADA DE ADOPCI\u00d3N RESPONSABLE<\/p>\n<p>Ser\u00e1 este domingo 2 de febrero de 11.30 a 14.30 horas, en la Peatonal Costanera, frente a Defensa Civil. La actividad es organizada por el Municipio junto a la protectora \u201cAmo a los animales\u201d. Los adoptantes deber\u00e1n ser mayores de 18 a\u00f1os y presentar su DNI. Una vez realizada la adopci\u00f3n recibir\u00e1n una libreta de vacunaci\u00f3n, pastillas antiparasitarias y recomendaciones para que, tanto las familias como los animales, cuenten con los cuidados necesarios durante el proceso de adopci\u00f3n. Es importante aclarar que est\u00e1 sujeta a condiciones clim\u00e1ticas.<\/p>\n<p>CARNAVAL BARRIAL<\/p>\n<p>El domingo 2 de febrero se realizar\u00e1 el Carnaval Barrial en la zona sur de nuestra ciudad, ser\u00e1 en la intersecci\u00f3n de la calle Rafaela Ishton y El Alambrador. Comenzar\u00e1 a partir de las 15 horas con la presencia de artistas invitados. El Municipio invita a las familias a ser parte de estos festejos de Carnaval para compartir una tarde entre familia y amigos. Sujeto a condiciones clim\u00e1ticas.<\/p>\n","protected":false},"excerpt":{"rendered":"<p>\u201cRGA ALIMENTOS\u201d EN EL PASEO CANTO DEL VIENTO El viernes y s\u00e1bado, el punto de&#8230;<\/p>\n","protected":false},"author":1,"featured_media":26358,"comment_status":"closed","ping_status":"closed","sticky":false,"template":"","format":"standard","meta":{"footnotes":""},"categories":[3],"tags":[],"class_list":["post-26357","post","type-post","status-publish","format-standard","has-post-thumbnail","hentry","category-noticias"],"jetpack_featured_media_url":"https:\/\/hablemosclarotdf.com.ar\/wp-content\/uploads\/2025\/01\/photo_2025-01-31_14-36-16.jpg","_links":{"self":[{"href":"https:\/\/hablemosclarotdf.com.ar\/index.php?rest_route=\/wp\/v2\/posts\/26357","targetHints":{"allow":["GET"]}}],"collection":[{"href":"https:\/\/hablemosclarotdf.com.ar\/index.php?rest_route=\/wp\/v2\/posts"}],"about":[{"href":"https:\/\/hablemosclarotdf.com.ar\/index.php?rest_route=\/wp\/v2\/types\/post"}],"author":[{"embeddable":true,"href":"https:\/\/hablemosclarotdf.com.ar\/index.php?rest_route=\/wp\/v2\/users\/1"}],"replies":[{"embeddable":true,"href":"https:\/\/hablemosclarotdf.com.ar\/index.php?rest_route=%2Fwp%2Fv2%2Fcomments&post=26357"}],"version-history":[{"count":1,"href":"https:\/\/hablemosclarotdf.com.ar\/index.php?rest_route=\/wp\/v2\/posts\/26357\/revisions"}],"predecessor-version":[{"id":26359,"href":"https:\/\/hablemosclarotdf.com.ar\/index.php?rest_route=\/wp\/v2\/posts\/26357\/revisions\/26359"}],"wp:featuredmedia":[{"embeddable":true,"href":"https:\/\/hablemosclarotdf.com.ar\/index.php?rest_route=\/wp\/v2\/media\/26358"}],"wp:attachment":[{"href":"https:\/\/hablemosclarotdf.com.ar\/index.php?rest_route=%2Fwp%2Fv2%2Fmedia&parent=26357"}],"wp:term":[{"taxonomy":"category","embeddable":true,"href":"https:\/\/hablemosclarotdf.com.ar\/index.php?rest_route=%2Fwp%2Fv2%2Fcategories&post=26357"},{"taxonomy":"post_tag","embeddable":true,"href":"https:\/\/hablemosclarotdf.com.ar\/index.php?rest_route=%2Fwp%2Fv2%2Ftags&post=26357"}],"curies":[{"name":"wp","href":"https:\/\/api.w.org\/{rel}","templated":true}]}}