{"id":26348,"date":"2025-01-31T11:40:44","date_gmt":"2025-01-31T14:40:44","guid":{"rendered":"https:\/\/hablemosclarotdf.com.ar\/?p=26348"},"modified":"2025-01-31T11:40:44","modified_gmt":"2025-01-31T14:40:44","slug":"verano-tdf-nuevas-actividades-educativas-recreativas-y-culturales-en-los-espacios-socio-comunitarios-en-rio-grande","status":"publish","type":"post","link":"https:\/\/hablemosclarotdf.com.ar\/?p=26348","title":{"rendered":"VERANO TDF: NUEVAS ACTIVIDADES EDUCATIVAS, RECREATIVAS Y CULTURALES EN LOS ESPACIOS SOCIO COMUNITARIOS EN R\u00cdO GRANDE"},"content":{"rendered":"<p>El Gobierno de la provincia a trav\u00e9s de un trabajo articulado entre la Secretar\u00eda de Representaci\u00f3n Pol\u00edtica y la Secretar\u00eda de Integraci\u00f3n Comunitaria, sostiene una oferta de actividades l\u00fadicas, recreativas, culturales, deportivas y art\u00edsticas para el mes de febrero en el marco del programa Verano TDF.<\/p>\n<p>En la Casa de la Alegr\u00eda ubicado en Las Azucenas 23:<br \/>\nINICIACI\u00d3N A LA DANZA (4 a 6 a\u00f1os) \u2013 lunes, mi\u00e9rcoles y viernes de 14:00hs a 15:00Hs.<br \/>\nINICIACI\u00d3N A LA DANZA (7 a 10 a\u00f1os) \u2013 lunes, mi\u00e9rcoles y viernes de 15:00hs a 16:00Hs.<br \/>\nTALLER DE QUILLING O FILIGRANA DE PAPEL (+8 a\u00f1os) \u2013 martes y jueves de 10:00hs a 12:00hs.<br \/>\nPANADERIA (adultos) \u2013 martes y jueves a partir de 14:00hs a 16:00hs.<br \/>\nTALLER DEPORTIVO INFANTIL (4 a 6 a\u00f1os) \u2013 martes y jueves a partir de 14:00hs a 16:00hs.<br \/>\nCAPORALES FUEGO Y PASI\u00d3N \u2013 s\u00e1bado de 14:00hs a 15:00hs.<br \/>\nCAPORALES MUNAY \u2013 s\u00e1bado de 11:00hs a 12:00hs.<\/p>\n<p>En el Sum Arraigo Sur ubicado en Ex Ruta 3 N\u00b0 1116:<br \/>\nAPRENDO EN MI BARRIO \u2013 lunes y mi\u00e9rcoles de 15:00hs a 17:00hs.<br \/>\nCARDIO KIDS (6 a 12 a\u00f1os) \u2013 lunes y mi\u00e9rcoles de 10:00hs a 11:00 hs.<br \/>\nG.A.P ADULTOS (gl\u00fateos, abdomen y piernas) \u2013 martes y viernes de 20:00hs a 21:00hs.<br \/>\nCARDIO GYM (adultos) \u2013 mi\u00e9rcoles de 20:30 hs a 21:30hs.<\/p>\n<p>En el Espacio Nido Actividades ubicado en 28 de Mayo esquina 2 Lomas del barrio El Mirador:<br \/>\nENTRENAMIENTO DE ARQUEROS (adultos) \u2013 lunes y viernes de 10:00hs a 13:00 Hs.<br \/>\nENTRENAMIENTO DE ARQUEROS (ni\u00f1os y adolescentes) \u2013 martes y jueves de 10:00hs a 13:00 Hs.<br \/>\nENSAYO Y PREPARACI\u00d3N PARA EL CARNAVAL \u2013 mi\u00e9rcoles de 09:00hs a 14:00 hs<br \/>\nYOGA (adultos) \u2013 lunes y viernes de 13:00hs a 14:00 hs.<br \/>\nDANZAS ESPA\u00d1OLAS (4 a 6 a\u00f1os) \u2013 martes 13:00hs a 14:00 hs.<br \/>\nDANZAS ESPANOLAS (6 a 8 a\u00f1os) \u2013 jueves 13:00hs a 14:00 hs.<br \/>\nPILATES (adultos) \u2013 lunes y viernes de 14:30hs a 15:30hs.<br \/>\nAPRENDO EN MI BARRIO \u2013 martes y jueves de 14:00hs a 16:00hs.<br \/>\nTALLER DEPORTIVO INFANTIL (4 a 6 a\u00f1os) \u2013 mi\u00e9rcoles 14:00hs a 16:00hs.<\/p>\n<p>En el Centro Socio Cultural \u201cWalter Buscemi\u201d ubicado en Minkiol 175:<br \/>\nTALLER DE ARCO Y FLECHA (9 a 12 a\u00f1os) \u2013 lunes de 15:00hs a 17:00Hs<br \/>\nVERANITO ARTISTICO (ni\u00f1os) \u2013 martes y jueves de 16:00hs a 18:00hs.<br \/>\nCARDIO KIDS (ni\u00f1os) \u2013 mi\u00e9rcoles y viernes de 16:00 hs a 17:00hs.<br \/>\nCAPORALES MUNAY \u2013 lunes de 17:00 hs a 19:30hs. y mi\u00e9rcoles de 18:00hs a 19:30hs.<br \/>\nKARATE \u2013 lunes, mi\u00e9rcoles y viernes de 19:30hs a 21:00hs.<br \/>\nG.A.P ADULTOS (gl\u00fateos, abdomen y piernas) \u2013 martes y jueves de 19:30hs a 20:30hs.<br \/>\nCARDIO GYM (adultos) \u2013 martes y jueves a partir de 20:30 hs.<br \/>\nCOMPARSA EMPERATRIZ \u2013 lunes, mi\u00e9rcoles y viernes de 21:00hs a 22:00hs.<\/p>\n<p><img loading=\"lazy\" decoding=\"async\" class=\"alignnone size-medium wp-image-26350\" src=\"https:\/\/hablemosclarotdf.com.ar\/wp-content\/uploads\/2025\/01\/photo_2025-01-31_11-39-27-300x200.jpg\" alt=\"\" width=\"300\" height=\"200\" srcset=\"https:\/\/hablemosclarotdf.com.ar\/wp-content\/uploads\/2025\/01\/photo_2025-01-31_11-39-27-300x200.jpg 300w, https:\/\/hablemosclarotdf.com.ar\/wp-content\/uploads\/2025\/01\/photo_2025-01-31_11-39-27-1024x682.jpg 1024w, https:\/\/hablemosclarotdf.com.ar\/wp-content\/uploads\/2025\/01\/photo_2025-01-31_11-39-27-768x511.jpg 768w, https:\/\/hablemosclarotdf.com.ar\/wp-content\/uploads\/2025\/01\/photo_2025-01-31_11-39-27.jpg 1280w\" sizes=\"auto, (max-width: 300px) 100vw, 300px\" \/> <img loading=\"lazy\" decoding=\"async\" class=\"alignnone size-medium wp-image-26351\" src=\"https:\/\/hablemosclarotdf.com.ar\/wp-content\/uploads\/2025\/01\/photo_2025-01-31_11-39-31-300x200.jpg\" alt=\"\" width=\"300\" height=\"200\" srcset=\"https:\/\/hablemosclarotdf.com.ar\/wp-content\/uploads\/2025\/01\/photo_2025-01-31_11-39-31-300x200.jpg 300w, https:\/\/hablemosclarotdf.com.ar\/wp-content\/uploads\/2025\/01\/photo_2025-01-31_11-39-31-1024x682.jpg 1024w, https:\/\/hablemosclarotdf.com.ar\/wp-content\/uploads\/2025\/01\/photo_2025-01-31_11-39-31-768x511.jpg 768w, https:\/\/hablemosclarotdf.com.ar\/wp-content\/uploads\/2025\/01\/photo_2025-01-31_11-39-31.jpg 1280w\" sizes=\"auto, (max-width: 300px) 100vw, 300px\" \/> <img loading=\"lazy\" decoding=\"async\" class=\"alignnone size-medium wp-image-26352\" src=\"https:\/\/hablemosclarotdf.com.ar\/wp-content\/uploads\/2025\/01\/photo_2025-01-31_11-39-41-300x200.jpg\" alt=\"\" width=\"300\" height=\"200\" srcset=\"https:\/\/hablemosclarotdf.com.ar\/wp-content\/uploads\/2025\/01\/photo_2025-01-31_11-39-41-300x200.jpg 300w, https:\/\/hablemosclarotdf.com.ar\/wp-content\/uploads\/2025\/01\/photo_2025-01-31_11-39-41-1024x682.jpg 1024w, https:\/\/hablemosclarotdf.com.ar\/wp-content\/uploads\/2025\/01\/photo_2025-01-31_11-39-41-768x511.jpg 768w, https:\/\/hablemosclarotdf.com.ar\/wp-content\/uploads\/2025\/01\/photo_2025-01-31_11-39-41.jpg 1280w\" sizes=\"auto, (max-width: 300px) 100vw, 300px\" \/><\/p>\n","protected":false},"excerpt":{"rendered":"<p>El Gobierno de la provincia a trav\u00e9s de un trabajo articulado entre la Secretar\u00eda de&#8230;<\/p>\n","protected":false},"author":1,"featured_media":26349,"comment_status":"closed","ping_status":"closed","sticky":false,"template":"","format":"standard","meta":{"footnotes":""},"categories":[3],"tags":[],"class_list":["post-26348","post","type-post","status-publish","format-standard","has-post-thumbnail","hentry","category-noticias"],"jetpack_featured_media_url":"https:\/\/hablemosclarotdf.com.ar\/wp-content\/uploads\/2025\/01\/photo_2025-01-31_11-39-23.jpg","_links":{"self":[{"href":"https:\/\/hablemosclarotdf.com.ar\/index.php?rest_route=\/wp\/v2\/posts\/26348","targetHints":{"allow":["GET"]}}],"collection":[{"href":"https:\/\/hablemosclarotdf.com.ar\/index.php?rest_route=\/wp\/v2\/posts"}],"about":[{"href":"https:\/\/hablemosclarotdf.com.ar\/index.php?rest_route=\/wp\/v2\/types\/post"}],"author":[{"embeddable":true,"href":"https:\/\/hablemosclarotdf.com.ar\/index.php?rest_route=\/wp\/v2\/users\/1"}],"replies":[{"embeddable":true,"href":"https:\/\/hablemosclarotdf.com.ar\/index.php?rest_route=%2Fwp%2Fv2%2Fcomments&post=26348"}],"version-history":[{"count":1,"href":"https:\/\/hablemosclarotdf.com.ar\/index.php?rest_route=\/wp\/v2\/posts\/26348\/revisions"}],"predecessor-version":[{"id":26353,"href":"https:\/\/hablemosclarotdf.com.ar\/index.php?rest_route=\/wp\/v2\/posts\/26348\/revisions\/26353"}],"wp:featuredmedia":[{"embeddable":true,"href":"https:\/\/hablemosclarotdf.com.ar\/index.php?rest_route=\/wp\/v2\/media\/26349"}],"wp:attachment":[{"href":"https:\/\/hablemosclarotdf.com.ar\/index.php?rest_route=%2Fwp%2Fv2%2Fmedia&parent=26348"}],"wp:term":[{"taxonomy":"category","embeddable":true,"href":"https:\/\/hablemosclarotdf.com.ar\/index.php?rest_route=%2Fwp%2Fv2%2Fcategories&post=26348"},{"taxonomy":"post_tag","embeddable":true,"href":"https:\/\/hablemosclarotdf.com.ar\/index.php?rest_route=%2Fwp%2Fv2%2Ftags&post=26348"}],"curies":[{"name":"wp","href":"https:\/\/api.w.org\/{rel}","templated":true}]}}